{"id":3240,"date":"2013-11-02T09:42:13","date_gmt":"2013-11-02T14:42:13","guid":{"rendered":"http:\/\/mtn-togo.org\/?p=3240"},"modified":"2013-11-02T09:42:13","modified_gmt":"2013-11-02T14:42:13","slug":"convocation-de-claude-ameganvi-par-le-doyen-des-juges-dinstruction-lundi-4-novembre-2013","status":"publish","type":"post","link":"http:\/\/mtn-togo.org\/?p=3240","title":{"rendered":"Convocation de Claude AMEGANVI par le Doyen des Juges d\u2019instruction, lundi 4 novembre 2013"},"content":{"rendered":"<p><strong><a href=\"http:\/\/mtn-togo.org\/wp-content\/uploads\/2013\/11\/claude_ameganvi051.jpg\"><img loading=\"lazy\" class=\"alignleft size-full wp-image-3242\" alt=\"claude_ameganvi051\" src=\"http:\/\/mtn-togo.org\/wp-content\/uploads\/2013\/11\/claude_ameganvi051.jpg\" width=\"200\" height=\"86\" \/><\/a>COMMUNIQUE<\/strong><\/p>\n<p>Ce mercredi 30 octobre 2013, un huissier de justice d\u00e9clarant s\u2019appeler Me Andr\u00e9 T. SAMA\u00a0BOTCHO\u00a0s\u2019est pr\u00e9sent\u00e9 \u00e0 mon domicile, accompagn\u00e9 d\u2019un assistant, aux envierons de 10 heures du matin.<!--more--><\/p>\n<p>Il annon\u00e7a avoir \u00e9t\u00e9 requis pour d\u00e9laisser entre mes mains la \u00ab\u00a0SIGNIFICATION D\u2019UN ORDRE DE CONVOCATION\u00a0\u00bb sign\u00e9 le 28 octobre 2013 par Mr\u00a0TCHAGBA\u00a0Idrissou\u00a0Sahidou, Doyen des juges d\u2019instruction pr\u00e8s le Tribunal de Premi\u00e8re Instance de Premi\u00e8re Classe de Lom\u00e9, \u00ab\u00a0\u00e0 compara\u00eetre le Lundi 04 novembre 2013 \u00e0 08 heures 00 par devant lui pour une affaire la (sic\u00a0!) concernant\u00a0\u00bb (\u2026)<\/p>\n<p>SOUS TOUTES RESERVES\u00a0ET A CE QU\u2019ELLE (re-sic\u00a0!) N\u2019EN IGNORE\u00a0:\u00a0\u00bb Me Andr\u00e9 T. SAMA\u00a0BOTCHO\u00a0m\u2019ayant ensuite demand\u00e9 de l\u2019aider \u00e0 faire parvenir deux autres ordres de convocation \u00e0 Mr\u00a0Eric\u00a0DUPUIS\u00a0et \u00e0 Mr\u00a0Alexandre AMORIN, je m\u2019y suis refus\u00e9, cette mission relevant des comp\u00e9tences d\u2019institutions l\u00e9gales de la R\u00e9publique d\u00fbment constitu\u00e9es auxquelles je n\u2019entends en aucun cas me substituer.<\/p>\n<p>Ayant ant\u00e9rieurement \u00e9t\u00e9 inform\u00e9 par les m\u00e9dias que Mr\u00a0Eric\u00a0DUPUIS\u00a0et Mr\u00a0Alexandre AMORIN\u00a0avaient \u00e9galement \u00e9t\u00e9 mis en cause dans l\u2019affaire de l\u2019incendie criminel des march\u00e9s togolais dont ceux de Lom\u00e9 et de Kara, j\u2019ai donc d\u00e9duit de cette \u00ab\u00a0sollicitation\u00a0\u00bb qu\u2019il s\u2019agit d\u2019une nouvelle convocation dans le cadre de la m\u00eame affaire, cette fois-ci devant la Justice togolaise.<\/p>\n<p>Je tiens d\u2019avance \u00e0 rappeler que la pr\u00e9sente convocation qui vient de m\u2019\u00eatre notifi\u00e9e fait suite \u00e0 la premi\u00e8re convocation du lundi 28 janvier 2013 par le Capitaine AKAKPO\u00a0du Service de renseignement et d\u2019information (SRI) de la Gendarmerie nationale au sortir de laquelle j\u2019ai tenu \u00e0 faire savoir, par une D\u00e9claration dat\u00e9e du 29 janvier 2013, qu\u2019\u00e0 propos de l\u2019incendie criminel des march\u00e9s de Lom\u00e9 et de Kara\u00a0:<\/p>\n<p>1\u00b0) Je ne sais rien d\u2019autre que les informations publi\u00e9es par les m\u00e9dias au sujet de ces incendies avec lesquelles j\u2019ai la conviction que les activit\u00e9s du CST n\u2019ont rien \u00e0 voir et dont les responsabilit\u00e9s sont \u00e0 situer ailleurs\u00a0;<\/p>\n<p>2\u00b0) Le Parti des travailleurs ayant formellement d\u00e9missionn\u00e9 du CST\u00a0depuis le 15 novembre 2012 pour d\u00e9saccord avec sa participation au dialogue avec le r\u00e9gime RPT, son repr\u00e9sentant au CST\u00a0que je suis n\u2019a particip\u00e9 \u00e0 aucune des activit\u00e9s du CST entrant dans le cadre de la pr\u00e9paration de la campagne des manifestations dites des \u00ab\u00a03 jours de J\u00e9richo\u00a0\u00bb en janvier 2013\u00a0;<\/p>\n<p>3\u00b0) Ayant \u00e9t\u00e9 faussement mis en cause pour avoir particip\u00e9 \u00e0 des r\u00e9unions o\u00f9 l\u2019incendie criminel de ces march\u00e9s aurait \u00e9t\u00e9 planifi\u00e9 la nuit du 4 au 5 janvier et la journ\u00e9e du 8 janvier 2013, j\u2019affirme qu\u2019il s\u2019agit l\u00e0 d\u2019un grossier mensonge car je ne pouvais \u00eatre pr\u00e9sent en deux lieux diff\u00e9rents au m\u00eame moment, plusieurs t\u00e9moins pouvant attester de ce que, \u00e0 cers\u00a0dates et heures, je pr\u00e9parais ou tenais un cycle de R\u00e9unions-D\u00e9bats sur 5 jours dans le cadre de la comm\u00e9moration du 50e anniversaire de l\u2019assassinat du premier pr\u00e9sident d\u00e9mocratiquement \u00e9lu du Togo, Sylvanus\u00a0OLYMPIO, le 13 janvier 1963.<\/p>\n<p>Ayant la conscience tranquille, je suis pr\u00eat \u00e0 r\u00e9it\u00e9rer les m\u00eames r\u00e9ponses d\u00fbment v\u00e9rifiables s\u2019il advenait qu\u2019il s\u2019agit des m\u00eames questions sur l\u2019incendie criminel des march\u00e9s de Lom\u00e9 et de Kara, je suis enti\u00e8rement dispos\u00e9 \u00e0 contribuer \u00e0 la manifestation de la v\u00e9rit\u00e9 afin que les v\u00e9ritables auteurs et commanditaires de ces incendies criminels soient effectivement recherch\u00e9s, trouv\u00e9s, arr\u00eat\u00e9s et d\u00e9f\u00e9r\u00e9s devant la Justice pour \u00eatre jug\u00e9s et ch\u00e2ti\u00e9s avec toute la rigueur de la loi.<\/p>\n<p>Car, il est de la plus haute urgence que justice soit rendue \u00e0 toutes les innocentes personnes mensong\u00e8rement mises en cause dans cette triste et rocambolesque affaire dans laquelle, outre les \u00e9normes pr\u00e9judices subis par les commer\u00e7antes et commer\u00e7ants de ces march\u00e9s, l\u2019innocent\u00a0: Etienne YAKANOU a \u00e9t\u00e9 assassin\u00e9 en d\u00e9tention, bien d\u2019autres innocents ont \u00e9t\u00e9 humili\u00e9s et d\u00e9shonor\u00e9s par des mensonges grossiers, tortures et d\u00e9tentions arbitraires, et bien d\u2019autres innocents encore continuent actuellement \u00e0 croupir abusivement en d\u00e9tention alors qu\u2019ils auraient d\u00fb \u00eatre lib\u00e9r\u00e9s sans condition de longue date.<\/p>\n<p>C\u2019est pourquoi je tiens \u00e0 informer l\u2019opinion publique par le pr\u00e9sent communiqu\u00e9 afin que nul n\u2019en ignore.<\/p>\n<p>Lom\u00e9, le 30 octobre 2013,<\/p>\n<p><strong>Claude AMEGANVI<\/strong><\/p>\n<p><strong>Secr\u00e9taire charg\u00e9 de la coordination du Parti des travailleurs<\/strong><\/p>\n<p><a href=\"http:\/\/www.mtn-togo.org\/\">www.mtn-togo.org<\/a><\/p>\n<p>&nbsp;<\/p>\n","protected":false},"excerpt":{"rendered":"<p>COMMUNIQUE Ce mercredi 30 octobre 2013, un huissier de justice d\u00e9clarant s\u2019appeler Me Andr\u00e9 T. SAMA\u00a0BOTCHO\u00a0s\u2019est pr\u00e9sent\u00e9 \u00e0 mon domicile, accompagn\u00e9 d\u2019un assistant, aux envierons de 10 heures du matin.<\/p>\n","protected":false},"author":7,"featured_media":0,"comment_status":"closed","ping_status":"open","sticky":false,"template":"","format":"standard","meta":[],"categories":[1],"tags":[],"_links":{"self":[{"href":"http:\/\/mtn-togo.org\/index.php?rest_route=\/wp\/v2\/posts\/3240"}],"collection":[{"href":"http:\/\/mtn-togo.org\/index.php?rest_route=\/wp\/v2\/posts"}],"about":[{"href":"http:\/\/mtn-togo.org\/index.php?rest_route=\/wp\/v2\/types\/post"}],"author":[{"embeddable":true,"href":"http:\/\/mtn-togo.org\/index.php?rest_route=\/wp\/v2\/users\/7"}],"replies":[{"embeddable":true,"href":"http:\/\/mtn-togo.org\/index.php?rest_route=%2Fwp%2Fv2%2Fcomments&post=3240"}],"version-history":[{"count":1,"href":"http:\/\/mtn-togo.org\/index.php?rest_route=\/wp\/v2\/posts\/3240\/revisions"}],"predecessor-version":[{"id":3243,"href":"http:\/\/mtn-togo.org\/index.php?rest_route=\/wp\/v2\/posts\/3240\/revisions\/3243"}],"wp:attachment":[{"href":"http:\/\/mtn-togo.org\/index.php?rest_route=%2Fwp%2Fv2%2Fmedia&parent=3240"}],"wp:term":[{"taxonomy":"category","embeddable":true,"href":"http:\/\/mtn-togo.org\/index.php?rest_route=%2Fwp%2Fv2%2Fcategories&post=3240"},{"taxonomy":"post_tag","embeddable":true,"href":"http:\/\/mtn-togo.org\/index.php?rest_route=%2Fwp%2Fv2%2Ftags&post=3240"}],"curies":[{"name":"wp","href":"https:\/\/api.w.org\/{rel}","templated":true}]}}