{"id":3250,"date":"2013-11-05T00:48:37","date_gmt":"2013-11-05T06:48:37","guid":{"rendered":"http:\/\/mtn-togo.org\/?p=3250"},"modified":"2013-11-05T00:48:37","modified_gmt":"2013-11-05T06:48:37","slug":"togoles-ennuis-de-sante-dartheme-ahoomey-zunu-sagravent-il-est-evacue-durgence-en-france","status":"publish","type":"post","link":"http:\/\/mtn-togo.org\/?p=3250","title":{"rendered":"Togo:Les ennuis de sant\u00e9 d&#8217;Arth\u00e8me Ahoomey-Zunu s&#8217;agravent.Il est \u00e9vacu\u00e9 d&#8217;urgence en France"},"content":{"rendered":"<p><a href=\"http:\/\/mtn-togo.org\/wp-content\/uploads\/2012\/10\/le-Premier-ministreSeleagodji-Ahoomey.jpg\"><img loading=\"lazy\" class=\"alignleft size-full wp-image-2006\" alt=\"le Premier ministre,Seleagodji  Ahoomey\" src=\"http:\/\/mtn-togo.org\/wp-content\/uploads\/2012\/10\/le-Premier-ministreSeleagodji-Ahoomey.jpg\" width=\"274\" height=\"184\" \/><\/a>Depuis le mercredi dernier, le Premier ministre Arth\u00e8me Ahoomey-Zunu est absent du pays. Des sources bien inform\u00e9es \u00e9voquent une raison de sant\u00e9.<!--more-->Faute d\u2019un communiqu\u00e9 officiel, les rumeurs vont bon train sur l\u2019\u00e9tat de sant\u00e9 du Premier ministre. De sources concordantes, le Chef du Gouvernement Arth\u00e8me Ahoomey-Zunu a \u00e9t\u00e9 \u00e9vacu\u00e9 sur la France, le mercredi 30 octobre 2013 pour raison de sant\u00e9. Selon une source proche de si\u00e8ge du gouvernement, l\u2019\u00e9tat de sant\u00e9 du Premier ministre \u00e9voluerait positivement.<br \/>\nD\u2019apr\u00e8s nos indiscr\u00e9tions, le Premier ministre aurait senti un l\u00e9ger malaise en d\u00e9but de semaine pass\u00e9e, \u00e0 son retour d\u2019un voyage. Arth\u00e8me Ahoomey-Zunu revenait de l\u2019Afrique du Sud, o\u00f9 il a repr\u00e9sent\u00e9 le Pr\u00e9sident de la R\u00e9publique \u00e0 une r\u00e9union du parlement de l\u2019Union Africaine (UA). Depuis, le Chef de Gouvernement n\u2019a pas mis pied au bureau, jusqu\u2019\u00e0 son \u00e9vacuation intervenue dans la soir\u00e9e du mercredi dernier.<br \/>\nEn 1996, alors d\u00e9put\u00e9 de l\u2019Union Togolaise pour la D\u00e9mocratie (UTD), Arth\u00e8me Ahoomey-Zunu s\u2019en est sorti d\u2019une tension art\u00e9rielle, pour laquelle m\u00eame les m\u00e9decins lui donnaient peu de chance de survie.<br \/>\nTout comme pour la pr\u00e9sidente de la Commission Electorale\u00a0Nationale Ind\u00e9pendante (CENI) qui aurait fait une crise d\u2019AVC et le d\u00e9put\u00e9 Dahuku P\u00e9r\u00e9 victime d\u2019un accident de la route, les Togolais souhaitent un prompt r\u00e9tablissement au Premier ministre.<\/p>\n<p>Aghu koaci.com<\/p>\n","protected":false},"excerpt":{"rendered":"<p>Depuis le mercredi dernier, le Premier ministre Arth\u00e8me Ahoomey-Zunu est absent du pays. Des sources bien inform\u00e9es \u00e9voquent une raison de sant\u00e9.<\/p>\n","protected":false},"author":7,"featured_media":0,"comment_status":"closed","ping_status":"open","sticky":false,"template":"","format":"standard","meta":[],"categories":[1],"tags":[],"_links":{"self":[{"href":"http:\/\/mtn-togo.org\/index.php?rest_route=\/wp\/v2\/posts\/3250"}],"collection":[{"href":"http:\/\/mtn-togo.org\/index.php?rest_route=\/wp\/v2\/posts"}],"about":[{"href":"http:\/\/mtn-togo.org\/index.php?rest_route=\/wp\/v2\/types\/post"}],"author":[{"embeddable":true,"href":"http:\/\/mtn-togo.org\/index.php?rest_route=\/wp\/v2\/users\/7"}],"replies":[{"embeddable":true,"href":"http:\/\/mtn-togo.org\/index.php?rest_route=%2Fwp%2Fv2%2Fcomments&post=3250"}],"version-history":[{"count":2,"href":"http:\/\/mtn-togo.org\/index.php?rest_route=\/wp\/v2\/posts\/3250\/revisions"}],"predecessor-version":[{"id":3252,"href":"http:\/\/mtn-togo.org\/index.php?rest_route=\/wp\/v2\/posts\/3250\/revisions\/3252"}],"wp:attachment":[{"href":"http:\/\/mtn-togo.org\/index.php?rest_route=%2Fwp%2Fv2%2Fmedia&parent=3250"}],"wp:term":[{"taxonomy":"category","embeddable":true,"href":"http:\/\/mtn-togo.org\/index.php?rest_route=%2Fwp%2Fv2%2Fcategories&post=3250"},{"taxonomy":"post_tag","embeddable":true,"href":"http:\/\/mtn-togo.org\/index.php?rest_route=%2Fwp%2Fv2%2Ftags&post=3250"}],"curies":[{"name":"wp","href":"https:\/\/api.w.org\/{rel}","templated":true}]}}