{"id":3256,"date":"2013-11-09T10:49:11","date_gmt":"2013-11-09T16:49:11","guid":{"rendered":"http:\/\/mtn-togo.org\/?p=3256"},"modified":"2013-11-12T02:59:19","modified_gmt":"2013-11-12T08:59:19","slug":"3256","status":"publish","type":"post","link":"http:\/\/mtn-togo.org\/?p=3256","title":{"rendered":"Interview exclusive d&#8217;Abass Kaboua,pr\u00e9sident du Mouvement des R\u00e9publicains Centristes (MRC)"},"content":{"rendered":"<p><strong><a href=\"http:\/\/mtn-togo.org\/wp-content\/uploads\/2013\/11\/Abass-Kaboua.jpg\"><img loading=\"lazy\" class=\"alignleft size-medium wp-image-3257\" alt=\"Abass Kaboua\" src=\"http:\/\/mtn-togo.org\/wp-content\/uploads\/2013\/11\/Abass-Kaboua-300x236.jpg\" width=\"300\" height=\"236\" srcset=\"http:\/\/mtn-togo.org\/wp-content\/uploads\/2013\/11\/Abass-Kaboua-300x236.jpg 300w, http:\/\/mtn-togo.org\/wp-content\/uploads\/2013\/11\/Abass-Kaboua.jpg 603w\" sizes=\"(max-width: 300px) 100vw, 300px\" \/><\/a><\/strong>Dans une interview exclusive accord\u00e9e hier \u00e0 L\u2019Alternative, le pr\u00e9sident du Mouvement des R\u00e9publicains Centristes (MRC) revient sur les conditions de sa d\u00e9tention, de l\u2019affaire d\u2019incendie des march\u00e9s, des derni\u00e8res l\u00e9gislatives et des rivalit\u00e9s au sein du Collectif \u00ab\u00a0Sauvons le Togo\u00a0\u00bb. Lecture\u00a0!<!--more--><b><i>Bonjour Monsieur Abass\u00a0Kaboua, depuis hier vous avez recouvr\u00e9 votre libert\u00e9. Votre r\u00e9action\u00a0?<\/i><\/b><\/p>\n<p>C\u2019est p\u00e9nible d\u2019\u00eatre en prison. Ma premi\u00e8re r\u00e9action, c\u2019est celle de rendre gr\u00e2ce \u00e0 Dieu, \u00e0 ma compagne, \u00e0 mes enfants, \u00e0 toute ma famille, surtout \u00e0\u00a0 ma famille politique, au groupe auquel j\u2019ai appartenu et auquel j\u2019appartiens jusqu\u2019\u00e0 pr\u00e9sent, n\u2019en d\u00e9plaise \u00e0 ceux qui \u00e9crivent ce qu\u2019ils veulent. Je veux parler du Collectif \u00ab\u00a0<i>Sauvons le Togo<\/i>\u00a0\u00bb et \u00e0 tout le peuple togolais\u00a0de quelque bord que ce soit. Nous sommes apr\u00e8s tout des humains. On ne peut que\u00a0 compatir. Il y a des gens du pouvoir, quand ils sont dans le malheur ou en d\u00e9tresse, nous compatissons avec eux. Je suis s\u00fbr qu\u2019il y a des gens aussi dans leur camp qui ont compati\u00a0\u00e0 ma douleur. Je remercie tous ces gens \u00e9galement. Je voudrais \u00e9galement dire mes f\u00e9licitations au coll\u00e8ge des m\u00e9decins commis par le gouvernement pour faire l\u2019expertise m\u00e9dicale sur ma personne. Je n\u2019ai pas cach\u00e9 que je suis malade contrairement \u00e0 d\u2019autres. Je vous jure que parmi six m\u00e9decins militaires, je pr\u00e9cise parce qu\u2019ils sont des militaires, il n\u2019y avait aucun civile. Au d\u00e9part, m\u00eame tout le monde avait peur qu\u2019ils disent des contre-v\u00e9rit\u00e9s, mais je vous assure qu\u2019ils ont vraiment travaill\u00e9 avec professionnalisme. Ce que certains voulaient, ils ne l\u2019ont pas eu. Je rends un grand hommage \u00e0 ces braves m\u00e9decins. Comme je l\u2019ai toujours dit, l\u2019arm\u00e9e togolaise n\u2019a pas que des brebis galeuses. Il y a du bon et du mauvais comme dans toute soci\u00e9t\u00e9. M\u00eame en notre propre sein au CST, il y a du bon et il y a aussi du mauvais. C\u2019est comme \u00e7a, c\u2019est la vie. C\u2019est Dieu qui a cr\u00e9\u00e9 cela. Et on va faire comme cela jusqu\u2019\u00e0 la fin de nos vies sur la terre. Ceux qui nous remplaceront continueront \u00e0 vivre comme cela.<\/p>\n<p><b><i>\u00a0<\/i><\/b><b><i>Le rapport d\u2019expertise m\u00e9dicale a conclu que vous \u00eates malade. D\u00e9crivez-nous de quoi vous souffrez, depuis quand et surtout les conditions de votre d\u00e9tention\u00a0? <\/i><\/b><\/p>\n<p>Vous savez, j\u2019ai des probl\u00e8mes neurologiques, cardiaques et \u00e9galement un polype sur ma corde vocale. Donc vous comprendrez que je suis un sujet \u00e0 haut risque. Je suis souffrant depuis 2008-2009. Et je g\u00e8re. Malheureusement, le Togo n\u2019est pas \u00e9quip\u00e9 pour que je me soigne ici. J\u2019ai toujours d\u00e9nonc\u00e9 cela en tant que politicien responsable. Je dis bien responsable. Je ne suis pas venu en politique par accident comme certains. Si en cinquante ans de r\u00e8gne, les gens sont incapables de nous doter d\u2019un bon instrument pour notre sant\u00e9 et que nous sommes oblig\u00e9s d\u2019aller \u00e0 l\u2019ext\u00e9rieur pour nous soigner \u00e0 chaque fois, je ne crois pas que c\u2019est une bonne chose.<\/p>\n<p>\u00a0Le Coll\u00e8ge des m\u00e9decins a donn\u00e9 son avis concernant ma sant\u00e9. Ils ont vu juste. Maintenant, on m\u2019a dit que je ne\u00a0 peux pas quitter le territoire, mon passeport a \u00e9t\u00e9 confisqu\u00e9. Pour moi, nous sommes dans une logique et je prie Dieu que le gouvernement aille jusqu\u2019au bout de cette logique, celle du proc\u00e8s sur les incendies des march\u00e9s. Mais \u00e0 ma sortie, j\u2019ai vu que le corps du d\u00e9lit m\u00eame est en train d\u2019\u00eatre d\u00e9truit all\u00e8grement. Je ne sais pas si c\u2019est la mairie de la ville, contrairement \u00e0 toute logique juridique qui a pris sur elle de faire d\u00e9truire le march\u00e9. A Kara c\u2019est pareil, alors que \u00e7a devrait \u00eatre plut\u00f4t un acte juridique. Nous\u00a0 sommes tr\u00e8s\u00a0 surpris puisque c\u2019est sur la base de ce corps de d\u00e9lit que notre proc\u00e8s va avoir lieu. Je dis bien notre proc\u00e8s. Il faut faire vite parce que nous sommes fatigu\u00e9s par ce dossier.<\/p>\n<p><b><i>\u00a0<\/i><\/b><b><i>On sait que vous ressentez des malaises depuis plusieurs mois.\u00a0 Et plusieurs fois, les demandes de votre libert\u00e9 provisoire ont \u00e9t\u00e9 rejet\u00e9es. Racontez-nous un peu les derni\u00e8res heures qui ont pr\u00e9c\u00e9d\u00e9 votre lib\u00e9ration et ce qui a pu finalement d\u00e9terminer cela.<\/i><\/b><\/p>\n<p>Mon mal m\u00eame s\u2019est accentu\u00e9 avec mon incarc\u00e9ration, parce que je vis en milieu s\u00e9dentaris\u00e9. Vous comprenez que je me l\u00e8ve, je ne bouge pas, je ne fais aucun mouvement, je suis avec des gens qui ont commis des d\u00e9lits d\u2019homicide. Je ne dors pas du tout, parce que, \u00e0 tout moment tout peut m\u2019arriver. Je connais bien ceux qui m\u2019ont mis l\u00e0-bas, je sais de quoi ils sont capables. Tout cela est stressant. Nous avons engag\u00e9 plusieurs fois des demandes de lib\u00e9ration provisoire. Nous avons d\u2019abord d\u00e9nonc\u00e9 mon transf\u00e8rement. Je suis inculp\u00e9 le 11 mars 2013. Deux mois apr\u00e8s, le juge prend sur lui de me d\u00e9poser \u00e0 la prison civile de Lom\u00e9, comme quoi j\u2019ai parl\u00e9 du fond du dossier. Je le r\u00e9p\u00e8te toujours, je ne connais ni la forme ni le fond, la moiti\u00e9 du fond ou de la totalit\u00e9 du fonds, je ne sais rien. Je pr\u00e9f\u00e8re ne plus en parler puisque ce sont eux qui ma\u00eetrisent le fond et la forme. Je pr\u00e9f\u00e8re ne plus en parler pour que cette fois-ci ils ne m\u2019emm\u00e8nent dans un goulag. Donc nous avons attaqu\u00e9 cette ordonnance de d\u00e9p\u00f4t. La Cour d\u2019Appel, plus pr\u00e9cis\u00e9ment la Chambre d\u2019Accusation, l\u2019a rejet\u00e9e. Nous avons ensuite attaqu\u00e9 mon transf\u00e8rement de Lom\u00e9 vers Nots\u00e8, je n\u2019ai personne \u00e0 Nots\u00e8. Les gens nous parlent de modernisation, on nous parle de respect des droits de l\u2019Homme\u00a0; c\u2019est un prisonnier qui demande son transf\u00e8rement. Ce ne sont pas vos adversaires politiques qui vous ont\u00a0arr\u00eat\u00e9, parce qu\u2019ils sont au pouvoir, qui demandent votre transf\u00e8rement. \u00c7a c\u2019est triste. On me transf\u00e8re sur 100 km, menott\u00e9 dans le dos avec des petits bambins de gendarmes de l\u2019Usig et de Sri qui vous donnent\u00a0des coups de pieds, des gifles. C\u2019est Faure Gnassingb\u00e9 qui a ordonn\u00e9 qu\u2019on me touche, pourquoi\u00a0? Personne ne leur fera \u00e7a. Je prie Dieu pour que personne ne leur fasse \u00e7a un jour dans ce pays.<\/p>\n<p>Oui, les humiliations, on les a subies. Loin de me faire du mal, \u00e7a m\u2019a plut\u00f4t requinqu\u00e9 et ragaillardi. Nous n\u2019avons pas compris cette d\u00e9cision de transf\u00e8rement d\u2019autant plus que c\u2019est\u00a0 le m\u00eame juge qui m\u2019a interdit de quitter la Commune de Lom\u00e9, et il me transf\u00e8re sur 100 km de Lom\u00e9. J\u2019ai fait quatre mois l\u00e0-bas inutilement avec comme cons\u00e9quence mon parti qui n\u2019a pas pu prendre part aux derni\u00e8res l\u00e9gislatives. \u00c7a c\u2019est une autre paire de manche. Le moment viendra o\u00f9 on va en parler. Mais moi je rends gr\u00e2ce \u00e0 Dieu, car je suis vivant, parce que je sais que c\u2019est ma mort que certains voulaient. Mais Dieu n\u2019a pas accept\u00e9 cela. Aujourd\u2019hui, cela n\u2019enl\u00e8ve en rien ma conviction politique, je dis bien absolument rien \u00e0 ma d\u00e9termination pour que ce pays puisse changer et aller de l\u2019avant<\/p>\n<p><b><i>\u00a0<\/i><\/b><b><i>Dites-nous, \u00e0 ce jour, o\u00f9 en-est concr\u00e8tement la proc\u00e9dure contre vous et les autres co-accus\u00e9s dans cette affaire d\u2019incendie de march\u00e9\u00a0?<\/i><\/b><\/p>\n<p>Le juge d\u2019instructions avait pratiquement cl\u00f4tur\u00e9 le dossier. Il l\u2019a r\u00e9-ouvert avec l\u2019arrestation du d\u00e9put\u00e9 Manti de l\u2019ANC. Je crois que dans les prochains jours, \u00e7a va \u00eatre cl\u00f4tur\u00e9. Il faut qu\u2019on aille avec s\u00e9r\u00e9nit\u00e9 au proc\u00e8s. On ne doit pas tomber en 2014 avec cette affaire. Il faut qu\u2019on aille devant les juges pour que chacun puisse avoir la possibilit\u00e9 de se d\u00e9fendre. Le jour-l\u00e0 je parlerai du fonds et de la forme, de ce que je sais et de ce que je ne sais pas. J\u2019attends avec s\u00e9r\u00e9nit\u00e9 ce proc\u00e8s. C\u2019est tout ce qui me pr\u00e9occupe maintenant. Et puis ma sant\u00e9.<\/p>\n<p><b><i>\u00a0<\/i><\/b><b><i>Depuis la prison vous avez suivi l\u2019actualit\u00e9 politique dans le pays avec les derni\u00e8res \u00e9lections et surtout les rivalit\u00e9s au sein du CST. Quels commentaires en faites-vous\u00a0?<\/i><\/b><\/p>\n<p>Je veux commencer par le deuxi\u00e8me point. Au sein du CST, il n\u2019ya pas de probl\u00e8me. Quand on a \u00e9t\u00e9 aussi haut dans les responsabilit\u00e9s\u00a0 de l\u2019Etat, il y a des choses qu\u2019on ne fait pas. On ne se comporte pas en petit gamin. Nous\u00a0\u00a0 sommes des responsables politiques. Quand quelqu\u2019un parle de premi\u00e8re ou de deuxi\u00e8me position, c\u2019est par rapport \u00e0 qui\u00a0? Par rapport \u00e0 moi Abass\u00a0Kaboua\u00a0? Il faut que des gens fassent extr\u00eamement attention. Je ne veux pas dire que des gens sont des tra\u00eetres, mais je ne suis pas loin de le dire. Ceux qui sont en mission command\u00e9e pour casser la dynamique du CST\u00a0se trompent. Le CST\u00a0a l\u2019adh\u00e9sion populaire. Le CST a\u00a0 le soutien de tout ce pays. Pourquoi c\u2019est la presse de tendance pr\u00e9sidentielle que ce sujet int\u00e9resse le plus et on en parle avec d\u00e9rision\u00a0? Il y a des gens qui ont m\u00eame titr\u00e9 que\u00a0 ma famille politique m\u2019a abandonn\u00e9. De quelle famille politique parle-t-on\u00a0? Heureusement que je ne suis pas UNIR. Au moins cela, tout le monde le sait.<\/p>\n<p>Au sujet des \u00e9lections, je dirai que tout \u00e7a n\u2019est que tristesse. Math\u00e9matiquement et arithm\u00e9tiquement, quand on dit qu\u2019on a eu 62 d\u00e9put\u00e9s avec moins de 900.000 mille voix sur pr\u00e8s de 3000.000 d\u2019\u00e9lecteurs, vous n\u2019avez pas fait un exploit. Si c\u2019\u00e9tait dans une \u00e9lection pr\u00e9sidentielle, Faure Gnassingb\u00e9 n\u2019est plus Pr\u00e9sident.\u00a0 Moi je suis un homme politique et je ne suis pas venue en politique par accident. C\u2019est une victoire am\u00e8re. Comment on nous parle de tendances qui deviennent deux heures des r\u00e9sultats alors que personne n\u2019a encore vu les proc\u00e8s verbaux. Et vous dites que vous faites des progr\u00e8s\u00a0? Et on trouve des complices qui viennent raconter des histoires \u00e0 la t\u00e9l\u00e9vision. J\u2019ai suivi avec d\u00e9go\u00fbt et d\u00e9dain un certain Fredy\u00a0Burundais\u00a0ou Rwandais\u00a0 qui vient nous donner des le\u00e7ons. Moi Kaboua\u00a0 je pourrai aller parler comme \u00e7a dans son pays\u00a0en toute qui\u00e9tude comme cela? Mais c\u2019est grave. Ce monsieur, personne ne conna\u00eet qui il est. Il faut qu\u2019on sache qui il est et celui qui lui donne ce droit de nous donner des le\u00e7ons. Il est trop petit pour nous donner des le\u00e7ons. S\u2019il ne fait pas attention, on va l\u2019assigner en Justice. Il s\u2019immisce dans les affaires int\u00e9rieures d\u2019un pays.<\/p>\n<p><b><i>\u00a0<\/i><\/b><b><i>On conna\u00eet votre engagement\u00a0aux c\u00f4t\u00e9s des forces d\u2019opposition dans le pays. Votre s\u00e9jour en prison a-t-il \u00e9mouss\u00e9 cet engagement ou vous ressortez plus d\u00e9termin\u00e9 qu\u2019avant?<\/i><\/b><\/p>\n<p>Plus galvanis\u00e9 m\u00eame\u00a0! Plus d\u00e9termin\u00e9\u00a0! Et j\u2019appelle tout le peuple togolais\u00a0\u00e0 se lever parce que ce pays doit conna\u00eetre la qui\u00e9tude sur tous les plans. Il n\u2019y aura pas de violence. On fera tout dans la l\u00e9galit\u00e9.\u00a0 M\u00eame apr\u00e8s les \u00e9lections, le probl\u00e8me est l\u00e0\u00a0;\u00a0 il est entier.Les 62 d\u00e9put\u00e9s ne vont pas r\u00e9soudre les probl\u00e8mes des Togolais. C\u2019est faux. Il ne faut pas qu\u2019on trompe le peuple togolais. Le probl\u00e8me des enseignants, des m\u00e9decins, des fonctionnaires, des retrait\u00e9s, tout \u00e7a l\u00e0, on va faire comment\u00a0? Comme disent les Ivoiriens, ce qui est dit est dit. Le probl\u00e8me est l\u00e0. Il est l\u00e0 en entier. Je sors plus galvanis\u00e9, plus d\u00e9termin\u00e9 m\u00eame. On va mener le combat jusqu\u2019\u00e0 notre dernier souffle. Ce pays doit conna\u00eetre la paix et la qui\u00e9tude. Une famille ne peut pas s\u2019en accaparer comme \u00e7a pendant 50 ans des biens de ce pays et on prend des armes pour terroriser tout le monde.<\/p>\n<p><b><i>\u00a0<\/i><\/b><b><i>Un message pour le peuple togolais\u00a0?<\/i><\/b><\/p>\n<p>Je renouvelle mes remerciements \u00e0 tout le peuple togolais, \u00e0 tous nos militants, \u00e0 tous ceux qui sont \u00e9pris de paix pour ce pays, ceux qui ont le souci du devenir de ce pays, ceux qui veulent voir le Togo rena\u00eetre sur de bonnes bases, pas ceux qui font de l\u2019\u00e0 peu pr\u00e8s, qui vont flouer des enfants qu\u2019on fait PROVONAT. Quand vous avez un DEA, on vous paie 47\u00a0000 fcfa par mois, non. Quand vous avez un DEA, soit vous continuer pour avoir votre doctorat ou on vous trouve un travail et vous \u00eates cadre A1. C\u2019est comme \u00e7a. Vous n\u2019allez pas gagner 50\u00a0000 FCFA qu\u2019on donne en r\u00e9alit\u00e9 \u00e0 un brevet\u00e9. Soyons s\u00e9rieux, il faut repenser toute cette politique.<\/p>\n<p>Je remercie tout le monde, surtout vous les journalistes, bon courage \u00e0 vous. Depuis mon trou, j\u2019avais des \u00e9chos. Vous savez, les prisonniers sont les mieux renseign\u00e9s, parce que tout le monde va courir vers vous pour vous dire ce qui se passe dehors. On a ferm\u00e9 L\u00e9gende, mais on ne peut pas fermer ma bouche, on ne peut pas fermer la bouche des 7 millions de Togolais. Ce sont eux qui sont une extr\u00eame minorit\u00e9, je dis bien extr\u00eame. Merci beaucoup.<\/p>\n<p><b><i>\u00a0<\/i><\/b><b><i>Propos recueillis par Dieudonn\u00e9 Mawu<\/i><\/b><\/p>\n<p>source: lalternative-togo.com<\/p>\n","protected":false},"excerpt":{"rendered":"<p>Dans une interview exclusive accord\u00e9e hier \u00e0 L\u2019Alternative, le pr\u00e9sident du Mouvement des R\u00e9publicains Centristes (MRC) revient sur les conditions de sa d\u00e9tention, de l\u2019affaire d\u2019incendie des march\u00e9s, des derni\u00e8res l\u00e9gislatives et des rivalit\u00e9s au sein du Collectif \u00ab\u00a0Sauvons le Togo\u00a0\u00bb. Lecture\u00a0!<\/p>\n","protected":false},"author":7,"featured_media":0,"comment_status":"closed","ping_status":"open","sticky":false,"template":"","format":"standard","meta":[],"categories":[1],"tags":[],"_links":{"self":[{"href":"http:\/\/mtn-togo.org\/index.php?rest_route=\/wp\/v2\/posts\/3256"}],"collection":[{"href":"http:\/\/mtn-togo.org\/index.php?rest_route=\/wp\/v2\/posts"}],"about":[{"href":"http:\/\/mtn-togo.org\/index.php?rest_route=\/wp\/v2\/types\/post"}],"author":[{"embeddable":true,"href":"http:\/\/mtn-togo.org\/index.php?rest_route=\/wp\/v2\/users\/7"}],"replies":[{"embeddable":true,"href":"http:\/\/mtn-togo.org\/index.php?rest_route=%2Fwp%2Fv2%2Fcomments&post=3256"}],"version-history":[{"count":4,"href":"http:\/\/mtn-togo.org\/index.php?rest_route=\/wp\/v2\/posts\/3256\/revisions"}],"predecessor-version":[{"id":3271,"href":"http:\/\/mtn-togo.org\/index.php?rest_route=\/wp\/v2\/posts\/3256\/revisions\/3271"}],"wp:attachment":[{"href":"http:\/\/mtn-togo.org\/index.php?rest_route=%2Fwp%2Fv2%2Fmedia&parent=3256"}],"wp:term":[{"taxonomy":"category","embeddable":true,"href":"http:\/\/mtn-togo.org\/index.php?rest_route=%2Fwp%2Fv2%2Fcategories&post=3256"},{"taxonomy":"post_tag","embeddable":true,"href":"http:\/\/mtn-togo.org\/index.php?rest_route=%2Fwp%2Fv2%2Ftags&post=3256"}],"curies":[{"name":"wp","href":"https:\/\/api.w.org\/{rel}","templated":true}]}}