{"id":3274,"date":"2013-11-18T06:27:46","date_gmt":"2013-11-18T12:27:46","guid":{"rendered":"http:\/\/mtn-togo.org\/?p=3274"},"modified":"2013-11-18T11:55:23","modified_gmt":"2013-11-18T17:55:23","slug":"panique-dans-les-rangs-du-pouvoir-apres-la-publication-du-rapport-accablant-denquete-du-cst-au-sujet-des-incendies-des-marches","status":"publish","type":"post","link":"http:\/\/mtn-togo.org\/?p=3274","title":{"rendered":"Panique dans les rangs du pouvoir apr\u00e8s la publication du rapport  accablant d&#8217;enqu\u00eate du CST au sujet des incendies des march\u00e9s"},"content":{"rendered":"<p><a href=\"http:\/\/mtn-togo.org\/wp-content\/uploads\/2013\/01\/Incendie-au-Togo-le-montage-grotesque-de-Yark-Dermane.jpg\"><img loading=\"lazy\" class=\"alignleft size-medium wp-image-2564\" alt=\"Incendie au Togo le montage grotesque de Yark Dermane\" src=\"http:\/\/mtn-togo.org\/wp-content\/uploads\/2013\/01\/Incendie-au-Togo-le-montage-grotesque-de-Yark-Dermane-300x227.jpg\" width=\"300\" height=\"227\" srcset=\"http:\/\/mtn-togo.org\/wp-content\/uploads\/2013\/01\/Incendie-au-Togo-le-montage-grotesque-de-Yark-Dermane-300x227.jpg 300w, http:\/\/mtn-togo.org\/wp-content\/uploads\/2013\/01\/Incendie-au-Togo-le-montage-grotesque-de-Yark-Dermane.jpg 395w\" sizes=\"(max-width: 300px) 100vw, 300px\" \/><\/a>Suite \u00e0 la publication\u00a0du rapport du CST\u00a0mettant en cause les caciques du r\u00e9gime de Faure\u00a0Gnassingb\u00e9 dans les incendies criminels des march\u00e9s de Lom\u00e9 et Kara, un vent de panique souffle dans les rangs du r\u00e9gime.<!--more--><\/p>\n<p>Au premier rang des personnes accus\u00e9es, se trouve la directrice de la Direction g\u00e9n\u00e9rale des imp\u00f4ts, Ingrid Nana Awad\u00e9, cit\u00e9e comme \u00e9tant \u00ab l\u2019instigateur principal \u00bb des incendies des grands march\u00e9s de Lom\u00e9 et de Kara.\u00a0 Elle r\u00e9agit vivement :<br \/>\n\u00ab Ce n\u2019est pas \u00e0 cause du devoir de r\u00e9serve que m\u2019imposent ma nature et ma fonction que je vais c\u00e9der \u00e0 la b\u00eatise humaine. Aux imb\u00e9ciles on r\u00e9pond par le silence \u00bb, a-t-elle indiqu\u00e9 \u00e0 un journal local.<\/p>\n<p>Kogoe\u00a0Akrima, le directeur de la SALT, le fournisseur de K\u00e9ros\u00e8ne, crie au scandale et d\u00e9ment cat\u00e9goriquement toute implication dans l&#8217;ex\u00e9cution et la planification des incendies.<\/p>\n<p>Le procureur de la R\u00e9publique charg\u00e9 de l&#8217;enqu\u00eate, est dans l&#8217;embarras. Il doit mener son enqu\u00eate \u00e0 charge et \u00e0 d\u00e9charge mais il s&#8217;est contact\u00e9 de la mener jusqu&#8217;ici dans un seul sens \u00e0 charge contre les opposants\u00a0au r\u00e9gime. Il affirme que le CST\u00a0n&#8217;est pas un organe d&#8217;enqu\u00eate et le rapport ne le lie pas . Il conseille aux personnes mises en cause, de saisir la justice.<\/p>\n<p>Katanga\u00a0et ses hommes de main fulminent\u00a0de colere\u00a0mais n&#8217;ont pas fait de d\u00e9claration publique.<\/p>\n<p>Notons que le dossier a \u00e9t\u00e9 \u00e9voqu\u00e9\u00a0lors de la visite de Faure\u00a0Gnassingbe\u00a0\u00e0 l&#8217;Elys\u00e9e. Paris avait d\u00e9p\u00each\u00e9 \u00a0ses experts pour enqu\u00eater\u00a0sur les causes des incendies. Le gouvernement togolais\u00a0n&#8217;a jamais publi\u00e9 le\u00a0 rapport de leur conclusion.<\/p>\n<p>Fran\u00e7ois\u00a0Hollande a\u00a0\u00e9t\u00e9\u00a0ferme. Faure\u00a0Gnassingbe\u00a0a\u00a0 jou\u00e9 a l&#8217;innocent et a promis que s&#8217;il s&#8217;av\u00e9rait\u00a0que les hommes de son camp sont impliqu\u00e9s, il n&#8217;h\u00e9siterait\u00a0pas a prendre\u00a0toutes ses responsabilit\u00e9s, comme s&#8217;il est capable de couper l&#8217;arbre sur lequel il est assis.<\/p>\n<p>Raison pour laquelle les militaires de haut rang impliqu\u00e9s\u00a0, notamment , Katanga,sont demeures calmes \u00e0 Lom\u00e9. L&#8217;ordre vient d&#8217;en haut&#8230;<\/p>\n<p>Rebondissement complet\u00a0dans l&#8217;affaire des incendies alors que la justice\u00a0aux ordres de Faure\u00a0Gnassingb\u00e9,\u00a0s&#8217;appr\u00eatait \u00e0 envoyer les responsables du CST en prison, innocemment.<\/p>\n<p>Gnagan\u00a0Matolaba\u00a0Djalima<\/p>\n<p><a href=\"http:\/\/www.mtn-togo.org\/\">www.mtn-togo.org<\/a><\/p>\n<p>&nbsp;<\/p>\n<p>&nbsp;<\/p>\n<p>&nbsp;<\/p>\n<p>&nbsp;<\/p>\n","protected":false},"excerpt":{"rendered":"<p>Suite \u00e0 la publication\u00a0du rapport du CST\u00a0mettant en cause les caciques du r\u00e9gime de Faure\u00a0Gnassingb\u00e9 dans les incendies criminels des march\u00e9s de Lom\u00e9 et Kara, un vent de panique souffle dans les rangs du r\u00e9gime.<\/p>\n","protected":false},"author":7,"featured_media":0,"comment_status":"closed","ping_status":"open","sticky":false,"template":"","format":"standard","meta":[],"categories":[1],"tags":[],"_links":{"self":[{"href":"http:\/\/mtn-togo.org\/index.php?rest_route=\/wp\/v2\/posts\/3274"}],"collection":[{"href":"http:\/\/mtn-togo.org\/index.php?rest_route=\/wp\/v2\/posts"}],"about":[{"href":"http:\/\/mtn-togo.org\/index.php?rest_route=\/wp\/v2\/types\/post"}],"author":[{"embeddable":true,"href":"http:\/\/mtn-togo.org\/index.php?rest_route=\/wp\/v2\/users\/7"}],"replies":[{"embeddable":true,"href":"http:\/\/mtn-togo.org\/index.php?rest_route=%2Fwp%2Fv2%2Fcomments&post=3274"}],"version-history":[{"count":5,"href":"http:\/\/mtn-togo.org\/index.php?rest_route=\/wp\/v2\/posts\/3274\/revisions"}],"predecessor-version":[{"id":3279,"href":"http:\/\/mtn-togo.org\/index.php?rest_route=\/wp\/v2\/posts\/3274\/revisions\/3279"}],"wp:attachment":[{"href":"http:\/\/mtn-togo.org\/index.php?rest_route=%2Fwp%2Fv2%2Fmedia&parent=3274"}],"wp:term":[{"taxonomy":"category","embeddable":true,"href":"http:\/\/mtn-togo.org\/index.php?rest_route=%2Fwp%2Fv2%2Fcategories&post=3274"},{"taxonomy":"post_tag","embeddable":true,"href":"http:\/\/mtn-togo.org\/index.php?rest_route=%2Fwp%2Fv2%2Ftags&post=3274"}],"curies":[{"name":"wp","href":"https:\/\/api.w.org\/{rel}","templated":true}]}}