{"id":3308,"date":"2013-12-14T11:49:25","date_gmt":"2013-12-14T17:49:25","guid":{"rendered":"http:\/\/mtn-togo.org\/?p=3308"},"modified":"2013-12-14T11:49:25","modified_gmt":"2013-12-14T17:49:25","slug":"discours-de-barack-obama-aux-funerailles-de-nelson-mandela","status":"publish","type":"post","link":"http:\/\/mtn-togo.org\/?p=3308","title":{"rendered":"Discours de Barack OBAMA aux fun\u00e9railles de Nelson MANDELA"},"content":{"rendered":"<p><b><a href=\"http:\/\/mtn-togo.org\/wp-content\/uploads\/2013\/12\/Discours-poignant-de-Barack-Obama-aux-fun\u00e9railles-de-Nelson-Mandela.jpg\"><img loading=\"lazy\" class=\"alignleft size-full wp-image-3309\" alt=\"Discours-poignant-de-Barack-Obama-aux-fun\u00e9railles-de-Nelson-Mandela\" src=\"http:\/\/mtn-togo.org\/wp-content\/uploads\/2013\/12\/Discours-poignant-de-Barack-Obama-aux-fun\u00e9railles-de-Nelson-Mandela.jpg\" width=\"160\" height=\"120\" \/><\/a>Aujourd\u2019hui, au stade Soccer\u00a0city\u00a0de Soweto, nombreuses sont les personnalit\u00e9s venues dire adieu \u00e0 Nelson Mandela\u00a0qui nous a quitt\u00e9 jeudi dernier.<!--more-->\u00a0Pour cette c\u00e9r\u00e9monie officielle o\u00f9 Nicolas Sarkozy\u00a0et Fran\u00e7ois Hollande se retrouvent c\u00f4te \u00e0 c\u00f4te, le pr\u00e9sident am\u00e9ricain Barack\u00a0Obama a pris la parole \u2026 D\u00e9couvrez son discours touchant.<\/b><\/p>\n<p><b>12h13<\/b>, le g\u00e9n\u00e9ral Thanduxolo Mandela, porte-parole de la famille du regrett\u00e9 \u201cMadiba\u201d lance quelques mots qui promettent de rester grav\u00e9s : \u201c<i>Mandela doit sourire l\u00e0-haut<\/i><i>\u2009<\/i>\u201c. Le stade Soccer\u00a0city\u00a0de Soweto\u00a0accueille pas moins de 91 chefs d\u2019\u00c9tat et de nombreuses c\u00e9l\u00e9brit\u00e9s \u00e0 l\u2019instar de Charlize\u00a0Theron\u00a0ou encore Bono. Tout le monde est l\u00e0 pour saluer le combat de celui qui nous a\u00a0quitt\u00e9 ce jeudi 5 d\u00e9cembre \u00e0 son domicile de Johannesburg\u00a0et tout le monde attend avec impatience le discours de Barack\u00a0Obama, premier pr\u00e9sident noir des \u00c9tats-Unis \u2026 La symbolique est puissante et personne ne semble plus \u00e0 m\u00eame d\u2019\u00e9voquer Nelson Mandela que lui.<\/p>\n<p>Il est un peu plus de\u00a0<b>12h32<\/b>\u00a0lorsque Barack\u00a0Obama lance ses premiers mots\u00a0<a href=\"http:\/\/www.public.fr\/News\/En-direct-des-reseaux-sociaux-les-funerailles-de-Nelson-Mandela-476758\" target=\"_self\">devant les cam\u00e9ras du monde entier<\/a>\u00a0:\u00a0<i>\u201cC\u2019est un extr\u00eame honneur d\u2019\u00eatre pr\u00e9sent aujourd\u2019hui pour c\u00e9l\u00e9brer une vie sans pareil !\u201d<\/i><\/p>\n<p>L\u2019homme de 52 ans poursuit alors :\u00a0<i>\u201cIl est difficile de faire l\u2019\u00e9loge de toute personne, de trouver les bons mots pour exprimer les \u00e9v\u00e9nements et les dates qui font une vie. Mais l\u2019essence, les joies, les moments priv\u00e9s, les qualit\u00e9s uniques qui illuminent une \u00e2me sont inexprimables. Il est encore plus difficile de le faire pour un g\u00e9ant, pour une personnalit\u00e9 historique qui a motiv\u00e9 des millions de gens.<\/i><\/p>\n<p><i>C\u2019est un gar\u00e7on qui a connu la Seconde Guerre Mondiale, qui a grandi loin des couloirs politiques et qui est pourtant\u00a0<b>devenu l\u2019un des plus grands lib\u00e9rateurs du XX\u00e8me si\u00e8cle<\/b>.<b>\u00a0\u00c0 l\u2019instar de Gandhi, il a cr\u00e9\u00e9 un mouvement de r\u00e9sistance et donn\u00e9 une voix \u00e0 ceux qui \u00e9taient opprim\u00e9s<\/b>. Il a souffert d\u2019un emprisonnement brutal, il a \u00e9t\u00e9 en prison pendant les ann\u00e9es de Guerre froide et en sortant de prison, pareil \u00e0 Abraham Lincoln il a su r\u00e9unir son pays au risque de le diviser,\u00a0<b>il a pr\u00e9serv\u00e9 la libert\u00e9 pour les g\u00e9n\u00e9rations \u00e0 venir<\/b>.<\/i><\/p>\n<p><i>Et cela ne s\u2019est pas simplement manifest\u00e9 par son \u00e9lection mais \u00e9galement par sa volont\u00e9 d\u2019abandonner le pouvoir lorsque son mandat s\u2019est achev\u00e9.\u00a0Le diapason de sa vie et ses r\u00e9ussites sont immenses et l\u2019on se souviendra de lui comme d\u2019une ic\u00f4ne. Sereine, souriante et d\u00e9tach\u00e9e des choses quotidiennes. Mais Madiba n\u2019aurait pas aim\u00e9 que l\u2019on fasse de lui un portrait aussi factice\u2026<\/i><\/p>\n<p><i>Madiba au contraire aurait insist\u00e9 pour que l\u2019on partage ses peurs, ses doutes, ses erreurs au m\u00eame titre que ses victoires. \u201cJe ne suis pas un Saint, \u00e0 moins qu\u2019un Saint soit quelqu\u2019un qui pers\u00e9v\u00e8re\u201d avait-il dit. L\u2019imperfection est humaine, c\u2019est exactement ce qu\u2019il avait voulu dire.\u00a0<\/i><\/p>\n<p><i>C\u2019\u00e9tait un fils, un p\u00e8re, un mari, un ami. C\u2019est pour cela que nous avons pu apprendre tellement de lui et que nous continuons, car rien de ce qu\u2019il a r\u00e9ussi \u00e0 faire n\u2019\u00e9tait \u00e9crit.\u00a0<b>Il laisse une trace dans l\u2019histoire car il a lutt\u00e9, car il \u00e9tait pers\u00e9v\u00e9rant, car il avait la foi<\/b>.\u00a0<b>Il nous a laiss\u00e9 un h\u00e9ritage qui ne s\u2019inscrit pas seulement dans les livres d\u2019histoires mais aussi dans nos vies<\/b>.<\/i><\/p>\n<p><i>Il avait h\u00e9rit\u00e9 de son p\u00e8re un ent\u00eatement de bon aloi et une pers\u00e9v\u00e9rance qui a \u00e9t\u00e9 importante. C\u2019est un combat puissant qui a ralli\u00e9 des indignations et les rages de millions de personnes.<\/i><br \/>\n<i>Madiba a su dompter sa col\u00e8re et il a partag\u00e9 son d\u00e9sir de lutte, ses strat\u00e9gies d\u2019action, a permis \u00e0 des hommes et des femmes de s\u2019\u00e9lever au nom de la dignit\u00e9 et de la libert\u00e9. Il a accept\u00e9 les cons\u00e9quences de ses actions, il savait qu\u2019en s\u2019opposant \u00e0 la justice il aurait un prix \u00e0 payer.<\/i><\/p>\n<p><i>\u201cJ\u2019ai ch\u00e9ri l\u2019id\u00e9al d\u2019une soci\u00e9t\u00e9 libre et d\u00e9mocratique dans laquelle tout le monde vivrait ensemble en harmonie et avec des chances \u00e9gales. C\u2019est un id\u00e9al pour lequel j\u2019esp\u00e8re vivre et que j\u2019esp\u00e8re accomplir. Mais si n\u00e9cessaire, c\u2019est un id\u00e9al pour lequel je suis pr\u00eat \u00e0 mourir\u201d, avait-il dit.<\/i><\/p>\n<p><i>Il savait rendre sa soif de connaissance contagieuse. Au sein de son mouvement et m\u00eame parmi les personnages qui s\u2019opposaient \u00e0 lui.\u00a0<b>Mandela\u00a0a montr\u00e9 que l\u2019action et les id\u00e9es pourtant ne suffisent pas. Si justes que ses id\u00e9es soient il faut qu\u2019elles soient inscrites dans la loi<\/b>. Il savait adapter ses id\u00e9es aux circonstances pratiques. <b>En toutes circonstances, il \u00e9tait pugnace, inflexible et c\u2019est pour \u00e7a qu\u2019il a su n\u00e9gocier une lib\u00e9ration face \u00e0 l\u2019Apartheid<\/b>.\u00a0<\/i><\/p>\n<p><i>Il n\u2019\u00e9tait pas seulement le chef d\u2019un mouvement, c\u2019\u00e9tait un homme politique adroit. Fid\u00e8le \u00e0 sa vision de lois qui prot\u00e8gent les minorit\u00e9s ainsi que les sud-Africains.\u00a0Enfin, il a su comprendre ce qui unissait les hommes. Il y a un nom \u00e0 cela : Ubuntu.<\/i><\/p>\n<p><i>C\u2019est un nom qui r\u00e9sume ce que l\u2019on avait de meilleur.\u00a0<b>C\u2019est la reconnaissance de liens qui unissent les hommes, qui cr\u00e9ent une int\u00e9grit\u00e9 humaine<\/b>. C\u2019est en partageant et en s\u2019adonnant aux autres que l\u2019on devient soi-m\u00eame.\u00a0<\/i><\/p>\n<p><i>On ne sait pas si c\u2019\u00e9tait une notion qu\u2019il avait depuis toujours ou une notion \u00e0 laquelle il est parvenu apr\u00e8s des ann\u00e9es de d\u00e9tention,\u00a0<b>mais c\u2019est quelque chose qu\u2019il a su mettre en pratique en invitant \u00e0 sa table ses ge\u00f4liers<\/b>. Il a su faire d\u2019une trag\u00e9die de famille une arme contre le Sida, il \u00e9tait l\u2019incarnation de cet Ubuntu. C\u2019est Madiba et cette notion qui ont permis de lib\u00e9rer les opprim\u00e9s et les oppresseurs. <b>La r\u00e9conciliation n\u2019est pas l\u2019ignorance d\u2019un pass\u00e9 mais l\u2019inclusion, la compr\u00e9hension du pass\u00e9, de la v\u00e9rit\u00e9<\/b>.<\/i><\/p>\n<p><i>Il a chang\u00e9 les faits, il a \u00e9galement chang\u00e9 les c\u0153urs. Pour le peuple de l\u2019Afrique du sud, pour ceux qu\u2019il a inspir\u00e9s, pour tous ceux l\u00e0, c\u2019est un moment de deuil mais \u00e9galement un moment o\u00f9 l\u2019on c\u00e9l\u00e8bre une vie h\u00e9ro\u00efque. C\u2019est aussi un temps d\u2019introspection : il faut que nous nous posions ces questions !\u00a0<b>Comment vais-je appliquer ces pr\u00e9ceptes dans ma vie ? C\u2019est une question que je me pose moi aussi, en tant qu\u2019homme et en tant que pr\u00e9sident<\/b>.<\/i><\/p>\n<p><i>En Afrique du sud comme dans tous les pays du monde, nous ne pouvons pas nous reposer sur nos lauriers. Ses victoires doivent \u00eatre suivies d\u2019un travail, qui doit tout \u00eatre aussi important.<\/i><br \/>\n<b><i>Aujourd\u2019hui dans le monde entier, il y a encore des gens qui sont pers\u00e9cut\u00e9s, pour leur affection, pour leur apparence, pour leurs croyances<\/i><\/b><i>. Cela se passe encore aujourd\u2019hui. Nous aussi devons agir au nom de la justice, pour la paix. <b>Beaucoup ont assum\u00e9 cet h\u00e9ritage de Madiba, beaucoup pr\u00e9tendent \u00eatre solidaires de sa lutte mais ne tol\u00e8rent pourtant pas le changement.<\/b><\/i><\/p>\n<p><i>Trop d\u2019entre nous se r\u00e9fugient encore dans l\u2019indiff\u00e9rence. <b>Aujourd\u2019hui, nous devons nous poser la question : comment promouvoir la libert\u00e9, la justice, les droits humains<\/b>, comment faire cesser les guerres, les conflits ? Il n\u2019y a pas de r\u00e9ponses \u00e0 ces questions. Mais pour cet enfant qui est n\u00e9 \u00e0 l\u2019\u00e9poque de la Premi\u00e8re Guerre Mondiale, il n\u2019y avait pas non plus de r\u00e9ponse.\u00a0<\/i><\/p>\n<p><i>Mandela\u00a0nous a montr\u00e9 que l\u2019on pouvait choisir un monde qui \u00e9tait fond\u00e9 sur l\u2019espoir et les opportunit\u00e9s. Nous ne reverrons plus cette lumi\u00e8re qu\u2019il \u00e9tait. Mais je veux dire \u00e0 tous les jeunes d\u2019Afrique du sud et aux jeunes du monde entier : vous aussi pouvez vous inspirer de sa vie pour construire la votre !<\/i><\/p>\n<p><b><i>J\u2019ai appris de Nelson\u00a0Mandela, j\u2019ai appris des conflits qui ont agit\u00e9 ce beau pays. Cela m\u2019a \u00e9veill\u00e9 pour faire face \u00e0 mes responsabilit\u00e9s, envers moi-m\u00eame et les autres, cela m\u2019a men\u00e9 jusqu\u2019ici.<\/i><\/b><\/p>\n<p><b><i>Madiba m\u2019a rendu meilleur, il fait ressortir ce qu\u2019il y a de meilleur en nous.<\/i><\/b><i>\u00a0Maintenant que ce grand lib\u00e9rateur nous a quitt\u00e9, maintenant que nous revenons vers les n\u00f4tres et que la vie reprend son cours, inspirons-nous de sa force,\u00a0<b>cherchons \u00e0 avoir la m\u00eame largesse d\u2019esprit que lui<\/b>. Et lorsque les t\u00e9n\u00e8bres descendent sur nous, lorsque l\u2019avenir brillant semble s\u2019\u00e9loigner \u00e0 grands pas, il faut se souvenir de lui, de ses ann\u00e9es pass\u00e9es dans sa cellule. Se souvenir de Madiba qui a toujours gard\u00e9 sa foi, son endurance.\u201d<\/i><\/p>\n<p>Le pr\u00e9sident US ach\u00e8ve son discours poignant citant Invictus, le po\u00e8me favori de Nelson\u00a0Mandela :\u00a0<i>\u201cJe suis maitre\u00a0de mon destin, je suis capitaine de mon \u00e2me\u201d, avait-il dit. Et quelle belle \u00e2me ! Que Dieu b\u00e9nisse l\u2019\u00e2me de Mandela et que Dieu b\u00e9nisse le peuple d\u2019Afrique du sud !\u201d<\/i><\/p>\n<p>SL\u00a0&amp; IC<\/p>\n<p>Source\u00a0: <a href=\"http:\/\/www.public.fr\/www.anctogo.com\">www.public.fr\/www.anctogo.com<\/a><\/p>\n<p>Inspir\u00e9 par\u00a0 l&#8217;humanisme\u00a0 profond\u00a0 de Nelson\u00a0Mandela\u00a0et joignant le geste \u00e0\u00a0 la parole, Barack Obama, le pr\u00e9sident am\u00e9ricain profitera de l&#8217;occasion pour aller serrer la main du\u00a0 pr\u00e9sident cubain Castro. Un geste \u00a0historique depuis l&#8217;Embargo am\u00e9ricain sur\u00a0\u00a0 Cuba\u00a0 d\u00e9cr\u00e9t\u00e9 en 1962\u00a0 apr\u00e8s la r\u00e9volution de Fidel\u00a0Castro. Comme quoi m\u00eame dans la mort , Mandela r\u00e9unit les fr\u00e8res ennemis et fait raisonner son message de r\u00e9conciliation et de paix, un mod\u00e8le pour tous les hommes politiques de la plan\u00e8te.<\/p>\n<p>\u00a0Matolaba\u00a0 Djalima <a href=\"http:\/\/www.mtn-togo.org\/\">www.mtn-togo.org<\/a><\/p>\n<p>&nbsp;<\/p>\n","protected":false},"excerpt":{"rendered":"<p>Aujourd\u2019hui, au stade Soccer\u00a0city\u00a0de Soweto, nombreuses sont les personnalit\u00e9s venues dire adieu \u00e0 Nelson Mandela\u00a0qui nous a quitt\u00e9 jeudi dernier.<\/p>\n","protected":false},"author":7,"featured_media":0,"comment_status":"closed","ping_status":"open","sticky":false,"template":"","format":"standard","meta":[],"categories":[1],"tags":[],"_links":{"self":[{"href":"http:\/\/mtn-togo.org\/index.php?rest_route=\/wp\/v2\/posts\/3308"}],"collection":[{"href":"http:\/\/mtn-togo.org\/index.php?rest_route=\/wp\/v2\/posts"}],"about":[{"href":"http:\/\/mtn-togo.org\/index.php?rest_route=\/wp\/v2\/types\/post"}],"author":[{"embeddable":true,"href":"http:\/\/mtn-togo.org\/index.php?rest_route=\/wp\/v2\/users\/7"}],"replies":[{"embeddable":true,"href":"http:\/\/mtn-togo.org\/index.php?rest_route=%2Fwp%2Fv2%2Fcomments&post=3308"}],"version-history":[{"count":1,"href":"http:\/\/mtn-togo.org\/index.php?rest_route=\/wp\/v2\/posts\/3308\/revisions"}],"predecessor-version":[{"id":3310,"href":"http:\/\/mtn-togo.org\/index.php?rest_route=\/wp\/v2\/posts\/3308\/revisions\/3310"}],"wp:attachment":[{"href":"http:\/\/mtn-togo.org\/index.php?rest_route=%2Fwp%2Fv2%2Fmedia&parent=3308"}],"wp:term":[{"taxonomy":"category","embeddable":true,"href":"http:\/\/mtn-togo.org\/index.php?rest_route=%2Fwp%2Fv2%2Fcategories&post=3308"},{"taxonomy":"post_tag","embeddable":true,"href":"http:\/\/mtn-togo.org\/index.php?rest_route=%2Fwp%2Fv2%2Ftags&post=3308"}],"curies":[{"name":"wp","href":"https:\/\/api.w.org\/{rel}","templated":true}]}}