{"id":3312,"date":"2013-12-29T04:20:42","date_gmt":"2013-12-29T10:20:42","guid":{"rendered":"http:\/\/mtn-togo.org\/?p=3312"},"modified":"2013-12-29T04:20:42","modified_gmt":"2013-12-29T10:20:42","slug":"le-tortionnaire-atcha-mohamed-titikpina-est-vire-de-la-tete-de-letat-major-des-fat-au-profit-du-beau-frere-et-protecteur-de-faure-gnassingbe-le-col-incendiaire-des-marchesfelix-abalo-katang","status":"publish","type":"post","link":"http:\/\/mtn-togo.org\/?p=3312","title":{"rendered":"Le tortionnaire Atcha Mohamed Titikpina est vir\u00e9 de la t\u00eate de l\u2019Etat-major des FAT au profit du beau-fr\u00e8re et protecteur de Faure Gnassingb\u00e9, le Col incendiaire des march\u00e9s:F\u00e9lix Abalo Katanga"},"content":{"rendered":"<p>\u00a0<a href=\"http:\/\/mtn-togo.org\/wp-content\/uploads\/2013\/12\/Gal-Atcha-Mohamed-Titikpina.jpg\"><img loading=\"lazy\" class=\"alignleft size-medium wp-image-3313\" alt=\"Gal-Atcha-Mohamed-Titikpina\" src=\"http:\/\/mtn-togo.org\/wp-content\/uploads\/2013\/12\/Gal-Atcha-Mohamed-Titikpina-300x199.jpg\" width=\"300\" height=\"199\" srcset=\"http:\/\/mtn-togo.org\/wp-content\/uploads\/2013\/12\/Gal-Atcha-Mohamed-Titikpina-300x199.jpg 300w, http:\/\/mtn-togo.org\/wp-content\/uploads\/2013\/12\/Gal-Atcha-Mohamed-Titikpina.jpg 470w\" sizes=\"(max-width: 300px) 100vw, 300px\" \/><\/a>Les journaux \u00e9voquent depuis un moment une\u00a0d\u00e9gradation des relations entre le Chef Supr\u00eame des arm\u00e9es Faure\u00a0Gnassingb\u00e9 et l\u2019un de ses fid\u00e8les au rang des \u00ab s\u00e9curocrates \u00bb le Gal Atcha\u00a0Mohamed\u00a0Titikpina.<!--more--> Ces informations ont re\u00e7u une confirmation dans la nuit du vendredi 27 d\u00e9cembre.<\/p>\n<p>Le p\u00e8re No\u00ebl n\u2019aura pas \u00e9t\u00e9 particuli\u00e8rement gratifiant pour le tout puissant G\u00e9n\u00e9ral des arm\u00e9es togolaises, le Gal. Atcha\u00a0Mohamed\u00a0Titikpina. Le Chef d\u2019Etat-major G\u00e9n\u00e9ral des Forces Arm\u00e9es Togolaises (FAT), a \u00e9t\u00e9 vir\u00e9 de la t\u00eate de l\u2019Etat-major des FAT au profit au Col F\u00e9lix Abalo Katanga. L\u2019information a \u00e9t\u00e9 diffus\u00e9e par la t\u00e9l\u00e9vision nationale dans la nuit du vendredi 27 d\u00e9cembre 2013.<\/p>\n<p>Trois ans apr\u00e8s sa nomination \u00e0 ce poste suite \u00e0 son \u00e9viction du minist\u00e8re de la S\u00e9curit\u00e9 et de la Protection Civile qu\u2019il a occup\u00e9 pendent deux (02 ) ann\u00e9es seulement, celui qui est pr\u00e9sent\u00e9 comme un des plus fid\u00e8le du Chef de l\u2019Etat, Faure Gnassingb\u00e9, est plong\u00e9 dans une impasse. Le natif de Tchamba qui lorgnait le minist\u00e8re de la D\u00e9fense Nationale, rattach\u00e9 depuis des ann\u00e9es \u00e0 la Pr\u00e9sidence de la R\u00e9publique, irait \u00e0 la retraite en d\u00e9but de l\u2019ann\u00e9e 2014.<\/p>\n<p>Commandant de la Garde pr\u00e9sidentielle en 2005 au moment du d\u00e9c\u00e8s du Gal. Gnassingb\u00e9 Eyad\u00e9ma, cet officier sup\u00e9rieur des FAT \u00e0 la r\u00e9putation controvers\u00e9e est cit\u00e9 parmi les acteurs de la r\u00e9pression militaire qui a permis \u00e0 Faure Gnassingb\u00e9 de succ\u00e9der \u00e0 son p\u00e8re par le truchement d\u2019abord d\u2019un coup d\u2019Etat, puis d\u2019un hold-up \u00e9lectoral un peu plus tard. Depuis, l\u2019ancien collaborateur du p\u00e8re est devenu l\u2019un des principaux soutiens du fils.<\/p>\n<p>Au mois de janvier prochain, le natif de Tchamba\u00a0devrait \u00eatre mis en r\u00e9serve des FAT, mais ferait pression pour obtenir une prorogation. Ce qui n\u2019est pas sans poser des embarras\u00a0au Chef Supr\u00eame de l\u2019Arm\u00e9e, qui n\u2019avait pas h\u00e9sit\u00e9 \u00e0 envoyer r\u00e9cemment \u00e0 la retraite, certains proches officiers g\u00e9n\u00e9raux qui se sont trouv\u00e9s dans le m\u00eame cas. Du coup, le Gal Atcha\u00a0Titikpina\u00a0lorgnerait\u00a0un poste politique (Minist\u00e8re de la D\u00e9fense Nationale) pour ainsi continuer \u00e0 pr\u00e9tendre jouir \u00e0 ses droits de \u00ab faiseur de roi \u00bb \u00e0 travers la terreur. Il serait dans cette qu\u00eate all\u00e9 au clash avec le Pr\u00e9sident de la R\u00e9publique.<\/p>\n<p>Le successeur du Gal Atcha\u00a0Mohamed\u00a0Titikpina\u00a0est un beau-fr\u00e8re du Chef de l\u2019Etat. Ancien Commandant d\u2019un corps d\u2019\u00e9lite des FAT, la Force d\u2019Intervention Rapide (FIR), F\u00e9lix Abalo Katanga\u00a0avait d\u00e9j\u00e0 \u00e9t\u00e9 plac\u00e9 dans l\u2019antichambre du Chef d\u2019Etat-major G\u00e9n\u00e9ral des FAT lors du pr\u00e9c\u00e9dent remaniement, il y a de cela trois ans. Partisan de la m\u00e9thode forte, le nouveau patron des FAT figure au nombre des personnalit\u00e9s cit\u00e9es dans le rapport du Collectif Sauvons le Togo (CST), comme \u00e9tant les auteurs des incendies des march\u00e9s de Kara et Lom\u00e9.<\/p>\n<p>Auteur de l\u2019assaut lanc\u00e9 en avril 2009 contre le domicile de Kpatcha\u00a0Gnassingb\u00e9, dans la t\u00e9n\u00e9breuse affaire de tentative d\u2019attentat \u00e0 la suret\u00e9 de l\u2019Etat, F\u00e9lix Abalo Katanga\u00a0avait \u00e9t\u00e9 d\u00e9nonc\u00e9 lors du proc\u00e8s par l\u2019ancien ministre de la D\u00e9fense Nationale comme \u00e9tant le principal commanditaire de l\u2019incendie de l\u2019Institut Goethe, lors des troubles post \u00e9lectorales de 2005.<\/p>\n<p>Le post\u00a0d\u2019adjoint au Chef d\u2019Etat-Major G\u00e9n\u00e9ral des FAT est revenu au Colonel Adjitolou\u00a0Komlan. La direction de l&#8217;Arm\u00e9e de terre est confi\u00e9e \u00e0 M&#8217;Ba Koffi\u00a0Batanda\u00a0et celle de la Marine au capitaine de vaisseau, Adjo\u00a0Vignon\u00a0Kwassivi. Le capitaine de vaisseau, Takougnadi\u00a0Nayo, est nomm\u00e9 Chef d&#8217;Etat-major particulier du pr\u00e9sident de la R\u00e9publique.<\/p>\n<p>Aghu\u00a0 koaci.com<\/p>\n","protected":false},"excerpt":{"rendered":"<p>\u00a0Les journaux \u00e9voquent depuis un moment une\u00a0d\u00e9gradation des relations entre le Chef Supr\u00eame des arm\u00e9es Faure\u00a0Gnassingb\u00e9 et l\u2019un de ses fid\u00e8les au rang des \u00ab s\u00e9curocrates \u00bb le Gal Atcha\u00a0Mohamed\u00a0Titikpina.<\/p>\n","protected":false},"author":7,"featured_media":0,"comment_status":"closed","ping_status":"open","sticky":false,"template":"","format":"standard","meta":[],"categories":[1],"tags":[],"_links":{"self":[{"href":"http:\/\/mtn-togo.org\/index.php?rest_route=\/wp\/v2\/posts\/3312"}],"collection":[{"href":"http:\/\/mtn-togo.org\/index.php?rest_route=\/wp\/v2\/posts"}],"about":[{"href":"http:\/\/mtn-togo.org\/index.php?rest_route=\/wp\/v2\/types\/post"}],"author":[{"embeddable":true,"href":"http:\/\/mtn-togo.org\/index.php?rest_route=\/wp\/v2\/users\/7"}],"replies":[{"embeddable":true,"href":"http:\/\/mtn-togo.org\/index.php?rest_route=%2Fwp%2Fv2%2Fcomments&post=3312"}],"version-history":[{"count":1,"href":"http:\/\/mtn-togo.org\/index.php?rest_route=\/wp\/v2\/posts\/3312\/revisions"}],"predecessor-version":[{"id":3314,"href":"http:\/\/mtn-togo.org\/index.php?rest_route=\/wp\/v2\/posts\/3312\/revisions\/3314"}],"wp:attachment":[{"href":"http:\/\/mtn-togo.org\/index.php?rest_route=%2Fwp%2Fv2%2Fmedia&parent=3312"}],"wp:term":[{"taxonomy":"category","embeddable":true,"href":"http:\/\/mtn-togo.org\/index.php?rest_route=%2Fwp%2Fv2%2Fcategories&post=3312"},{"taxonomy":"post_tag","embeddable":true,"href":"http:\/\/mtn-togo.org\/index.php?rest_route=%2Fwp%2Fv2%2Ftags&post=3312"}],"curies":[{"name":"wp","href":"https:\/\/api.w.org\/{rel}","templated":true}]}}