{"id":3317,"date":"2014-01-11T18:15:06","date_gmt":"2014-01-12T00:15:06","guid":{"rendered":"http:\/\/mtn-togo.org\/?p=3317"},"modified":"2014-01-11T18:15:07","modified_gmt":"2014-01-12T00:15:07","slug":"togo-lhospitalisation-du-premier-ministre-en-france-a-coute-256-millions-aux-contribuables-togolais","status":"publish","type":"post","link":"http:\/\/mtn-togo.org\/?p=3317","title":{"rendered":"Togo: l&#8217;hospitalisation du Premier ministre en France a co\u00fbt\u00e9 256 millions aux contribuables togolais"},"content":{"rendered":"<p><a href=\"http:\/\/mtn-togo.org\/wp-content\/uploads\/2012\/10\/le-Premier-ministreSeleagodji-Ahoomey.jpg\"><img loading=\"lazy\" class=\"alignleft size-full wp-image-2006\" alt=\"le Premier ministre,Seleagodji  Ahoomey\" src=\"http:\/\/mtn-togo.org\/wp-content\/uploads\/2012\/10\/le-Premier-ministreSeleagodji-Ahoomey.jpg\" width=\"274\" height=\"184\" \/><\/a>Le Premier ministre du Togo, Arth\u00e8me Ahoomey-Zunu,\u00a0 \u00e9vacu\u00e9 d&#8217;urgence en France, a pass\u00e9 plus deux mois dans les h\u00f4pitaux\u00a0fran\u00e7ais \u00a0avant de revenir au bercail. Son hospitalisation\u00a0 a co\u00fbt\u00e9 tr\u00e8s cher aux Togolais.\u00a0<!--more--><\/p>\n<p>Puis que\u00a0les Togolais\u00a0meurent comme &#8221;\u00a0des mouches&#8221; selon\u00a0le t\u00e9moignage \u00a0poignant de D.\u00a0P\u00e9r\u00e9, ancien pr\u00e9sident de l&#8217;Assembl\u00e9e nationale et d\u00e9put\u00e9; \u00a0par manque \u00a0de soin et\u00a0 surtout de la\u00a0d\u00e9liquescence\u00a0 avanc\u00e9e du syst\u00e8me de sant\u00e9\u00a0, laiss\u00e9\u00a0\u00e0 l&#8217;abandon alors que les autorit\u00e9s vont se faire soigner\u00a0en Occident\u00a0avec leurs femmes et enfants; \u00a0nous sommes int\u00e9rrog\u00e9s sur les coups de l&#8217;\u00e9vacuation et de l&#8217;hospitalisation du\u00a0Premier ministre\u00a0en France\u00a0. Nos enqu\u00eates et recoupements\u00a0des sources cr\u00e9dibles en France et au Togo\u00a0ont r\u00e9v\u00e9l\u00e9 \u00a0la facture\u00a0\u00e0 256\u00a0,578 millions\u00a0de franc cfa, pay\u00e9e par les contribuables\u00a0togolais.<\/p>\n<p>Comme quoi, au Togo les autorit\u00e9s ill\u00e9gitimes, pillent, volent et violent le pays, et quand ils en deviennent malade, le cas embl\u00e9matique de Faure\u00a0Gnassingg\u00e9,\u00a0elles refilent\u00a0all\u00e8grement \u00a0la facture aux pauvres\u00a0\u00a0Togolais\u00a0\u00a0qui meurent de maladie et de faim, faute de soins ad\u00e9quats. L&#8217;h\u00f4pital de Tokoin est devenu un mouroir o\u00f9 les mouches s&#8217;invitent dans les blocs op\u00e9ratoires pour infecter les plaies des malades. Voil\u00e0 le Togo des Gnassingb\u00e9\u00a0 et compagnie.<\/p>\n<p>Faudrait -il \u00a0encore rappeler que depuis la maladie du Premier ministre le pays est sans gouvernail ?.Puisque Faure\u00a0lui m\u00eame est incomp\u00e9tent, il cherche d\u00e9sesp\u00e9rement une autre b\u00e9quille sur laquelle s&#8217; appuyer pour s&#8217;arracher un autre mandat frauduleux en 2015. Il s&#8217;en fout de la souffrance et de la mis\u00e8re qu&#8217;il contribue \u00e0 exarber pour le pays. L&#8217;essentiel c&#8217;est que ses milliards vol\u00e9s\u00a0dans les caisses du Togo\u00a0s&#8217;accroissent \u00e0\u00a0 vitesse exponentielle.<\/p>\n<p>Notons que 3 milliars de nos francs ont disparu dans\u00a0les coffres de la m\u00e8re de Faure Gnassingb\u00e9 \u00a0dans sa maison entour\u00e9e de gardes de corps,\u00a0dans un pays o\u00f9 la population trouve difficilement un repas principal par jour\u00a0 et meure de maladie tr\u00e8s b\u00e9nigne, faute de soin.<\/p>\n<p>Le Togo est d\u00e9finivement un pays scandaleux, triste et\u00a0 atypique mais pas pour longtemps&#8230;..<\/p>\n<p>Vincentey Ben Polar\u00a0 <a href=\"http:\/\/www.mtn-togo.org\/\">www.mtn-togo.org<\/a><\/p>\n<p>&nbsp;<\/p>\n","protected":false},"excerpt":{"rendered":"<p>Le Premier ministre du Togo, Arth\u00e8me Ahoomey-Zunu,\u00a0 \u00e9vacu\u00e9 d&#8217;urgence en France, a pass\u00e9 plus deux mois dans les h\u00f4pitaux\u00a0fran\u00e7ais \u00a0avant de revenir au bercail. Son hospitalisation\u00a0 a co\u00fbt\u00e9 tr\u00e8s cher aux Togolais.\u00a0<\/p>\n","protected":false},"author":7,"featured_media":0,"comment_status":"closed","ping_status":"open","sticky":false,"template":"","format":"standard","meta":[],"categories":[1],"tags":[],"_links":{"self":[{"href":"http:\/\/mtn-togo.org\/index.php?rest_route=\/wp\/v2\/posts\/3317"}],"collection":[{"href":"http:\/\/mtn-togo.org\/index.php?rest_route=\/wp\/v2\/posts"}],"about":[{"href":"http:\/\/mtn-togo.org\/index.php?rest_route=\/wp\/v2\/types\/post"}],"author":[{"embeddable":true,"href":"http:\/\/mtn-togo.org\/index.php?rest_route=\/wp\/v2\/users\/7"}],"replies":[{"embeddable":true,"href":"http:\/\/mtn-togo.org\/index.php?rest_route=%2Fwp%2Fv2%2Fcomments&post=3317"}],"version-history":[{"count":2,"href":"http:\/\/mtn-togo.org\/index.php?rest_route=\/wp\/v2\/posts\/3317\/revisions"}],"predecessor-version":[{"id":3321,"href":"http:\/\/mtn-togo.org\/index.php?rest_route=\/wp\/v2\/posts\/3317\/revisions\/3321"}],"wp:attachment":[{"href":"http:\/\/mtn-togo.org\/index.php?rest_route=%2Fwp%2Fv2%2Fmedia&parent=3317"}],"wp:term":[{"taxonomy":"category","embeddable":true,"href":"http:\/\/mtn-togo.org\/index.php?rest_route=%2Fwp%2Fv2%2Fcategories&post=3317"},{"taxonomy":"post_tag","embeddable":true,"href":"http:\/\/mtn-togo.org\/index.php?rest_route=%2Fwp%2Fv2%2Ftags&post=3317"}],"curies":[{"name":"wp","href":"https:\/\/api.w.org\/{rel}","templated":true}]}}