{"id":3334,"date":"2014-02-02T16:47:48","date_gmt":"2014-02-02T22:47:48","guid":{"rendered":"http:\/\/mtn-togo.org\/?p=3334"},"modified":"2014-02-02T16:49:50","modified_gmt":"2014-02-02T22:49:50","slug":"faure-gnassingbe-se-decide-enfin-et-met-fin-aux-fonctions-de-sa-puissante-protegee-ingrid-awadeaccusee-detre-la-commanditrice-des-incendies-des-marches-de-lome-et-de-kara","status":"publish","type":"post","link":"http:\/\/mtn-togo.org\/?p=3334","title":{"rendered":"Faure Gnassingb\u00e9 se d\u00e9cide enfin et met fin aux fonctions de sa puissante prot\u00e9g\u00e9e Ingrid Awad\u00e9,accus\u00e9e d&#8217;\u00eatre la commanditrice des incendies des march\u00e9s de Lom\u00e9 et de Kara"},"content":{"rendered":"<p><a href=\"http:\/\/mtn-togo.org\/wp-content\/uploads\/2013\/12\/Incendiares-des-march\u00e9s-de-Lom\u00e9-et-de-Kara.jpg\"><img loading=\"lazy\" class=\"alignleft size-medium wp-image-3299\" alt=\"Incendiares des march\u00e9s de Lom\u00e9 et de Kara\" src=\"http:\/\/mtn-togo.org\/wp-content\/uploads\/2013\/12\/Incendiares-des-march\u00e9s-de-Lom\u00e9-et-de-Kara-300x166.jpg\" width=\"300\" height=\"166\" srcset=\"http:\/\/mtn-togo.org\/wp-content\/uploads\/2013\/12\/Incendiares-des-march\u00e9s-de-Lom\u00e9-et-de-Kara-300x166.jpg 300w, http:\/\/mtn-togo.org\/wp-content\/uploads\/2013\/12\/Incendiares-des-march\u00e9s-de-Lom\u00e9-et-de-Kara.jpg 660w\" sizes=\"(max-width: 300px) 100vw, 300px\" \/><\/a>C&#8217;est par un communiqu\u00e9 laconique que la nouvelle est tomb\u00e9e:&#8221;Ingrid Awad\u00e9, pr\u00e9c\u00e9demment directrice g\u00e9n\u00e9rale des imp\u00f4ts, est d\u00e9sormais directrice g\u00e9n\u00e9rale de la d\u00e9l\u00e9gation \u00e0 l\u2019organisation du secteur informel&#8221;<!--more--><\/p>\n<p>Accus\u00e9e dans le rapport de CST\u00a0d&#8217;\u00eatre le cerveau des incendies criminels de lom\u00e9 et de Kara, la puissante Ingrid qui faisait la pluie et le beau temps et giflait les officiers selon ses humeurs, s&#8217;est retrouv\u00e9e dans l&#8217;eau chaude malgr\u00e9 ses rapports intimes avec le pr\u00e9sident.<\/p>\n<p>Nous y reviendrons avec un\u00a0dossier \u00a0complet sur la saga Ingrid- Faure Gnassingb\u00e9<\/p>\n<p>G Matolaba\u00a0Djalima<\/p>\n<p><a href=\"http:\/\/www.mtn-togo.org\/\">www.mtn-togo.org<\/a><\/p>\n","protected":false},"excerpt":{"rendered":"<p>C&#8217;est par un communiqu\u00e9 laconique que la nouvelle est tomb\u00e9e:&#8221;Ingrid Awad\u00e9, pr\u00e9c\u00e9demment directrice g\u00e9n\u00e9rale des imp\u00f4ts, est d\u00e9sormais directrice g\u00e9n\u00e9rale de la d\u00e9l\u00e9gation \u00e0 l\u2019organisation du secteur informel&#8221;<\/p>\n","protected":false},"author":7,"featured_media":0,"comment_status":"closed","ping_status":"open","sticky":false,"template":"","format":"standard","meta":[],"categories":[1],"tags":[],"_links":{"self":[{"href":"http:\/\/mtn-togo.org\/index.php?rest_route=\/wp\/v2\/posts\/3334"}],"collection":[{"href":"http:\/\/mtn-togo.org\/index.php?rest_route=\/wp\/v2\/posts"}],"about":[{"href":"http:\/\/mtn-togo.org\/index.php?rest_route=\/wp\/v2\/types\/post"}],"author":[{"embeddable":true,"href":"http:\/\/mtn-togo.org\/index.php?rest_route=\/wp\/v2\/users\/7"}],"replies":[{"embeddable":true,"href":"http:\/\/mtn-togo.org\/index.php?rest_route=%2Fwp%2Fv2%2Fcomments&post=3334"}],"version-history":[{"count":2,"href":"http:\/\/mtn-togo.org\/index.php?rest_route=\/wp\/v2\/posts\/3334\/revisions"}],"predecessor-version":[{"id":3336,"href":"http:\/\/mtn-togo.org\/index.php?rest_route=\/wp\/v2\/posts\/3334\/revisions\/3336"}],"wp:attachment":[{"href":"http:\/\/mtn-togo.org\/index.php?rest_route=%2Fwp%2Fv2%2Fmedia&parent=3334"}],"wp:term":[{"taxonomy":"category","embeddable":true,"href":"http:\/\/mtn-togo.org\/index.php?rest_route=%2Fwp%2Fv2%2Fcategories&post=3334"},{"taxonomy":"post_tag","embeddable":true,"href":"http:\/\/mtn-togo.org\/index.php?rest_route=%2Fwp%2Fv2%2Ftags&post=3334"}],"curies":[{"name":"wp","href":"https:\/\/api.w.org\/{rel}","templated":true}]}}