{"id":3386,"date":"2014-03-18T13:49:26","date_gmt":"2014-03-18T18:49:26","guid":{"rendered":"http:\/\/mtn-togo.org\/?p=3386"},"modified":"2014-03-21T11:31:00","modified_gmt":"2014-03-21T16:31:00","slug":"togo-deces-du-combatant-logo-dossouvi","status":"publish","type":"post","link":"http:\/\/mtn-togo.org\/?p=3386","title":{"rendered":"Togo: D\u00e9c\u00e8s du combatant Logo Dossouvi;le MTN salue et s&#8217;incline devant la m\u00e9moire d&#8217;un grand h\u00e9ro et  combatant pour la libert\u00e9 et la d\u00e9mocratie au Togo."},"content":{"rendered":"<p><a href=\"http:\/\/mtn-togo.org\/wp-content\/uploads\/2014\/03\/Hilaire-Logo-Dossouvi-fait-sa-revolution_ng_image_full.jpg\"><img loading=\"lazy\" class=\"alignleft size-medium wp-image-3392\" alt=\"Hilaire-Logo-Dossouvi-fait-sa-revolution_ng_image_full\" src=\"http:\/\/mtn-togo.org\/wp-content\/uploads\/2014\/03\/Hilaire-Logo-Dossouvi-fait-sa-revolution_ng_image_full-300x211.jpg\" width=\"300\" height=\"211\" srcset=\"http:\/\/mtn-togo.org\/wp-content\/uploads\/2014\/03\/Hilaire-Logo-Dossouvi-fait-sa-revolution_ng_image_full-300x211.jpg 300w, http:\/\/mtn-togo.org\/wp-content\/uploads\/2014\/03\/Hilaire-Logo-Dossouvi-fait-sa-revolution_ng_image_full.jpg 308w\" sizes=\"(max-width: 300px) 100vw, 300px\" \/><\/a>Hilaire\u00a0Logo Dossouvi, l\u2019un des piliers de la lutte d\u00e9mocratique au Togo, n\u2019est plus. L\u2019homme s\u2019est \u00e9teint ce 14 Mars 2014 alors qu\u2019il est rentr\u00e9 au pays apr\u00e8s son admission dans un h\u00f4pital \u00e0 l\u2019\u00e9tranger.<!--more--><\/p>\n<p>Selon les informations recueillies, Hilaire\u00a0Dossouvi serait mort d\u2019une crise cardiaque. Il est \u00e2g\u00e9 de 56 ans.<\/p>\n<p>Rappelons que, Hilaire\u00a0Logo-Dossouvi est l\u2019un des fondateurs du Mouvement patriotique du 05 Octobre (MO5) en souvenir au 05 octobre 1990, date o\u00f9 le peuple togolais\u00a0se souleva contre le r\u00e9gime de feu Gnassingb\u00e9 Eyadema. Ceci en marge du proc\u00e8s d\u2019Hilaire Dossouvi Logo et Tino\u00a0Doglo Agb\u00e9lengo pour distribution de tracts.<\/p>\n<p>Toutes nos condol\u00e9ances \u00e0 la famille \u00e9plor\u00e9e. Paix \u00e0 son \u00e2me\u00a0!<\/p>\n<p>Source: Pa-l&#8217;union<\/p>\n","protected":false},"excerpt":{"rendered":"<p>Hilaire\u00a0Logo Dossouvi, l\u2019un des piliers de la lutte d\u00e9mocratique au Togo, n\u2019est plus. L\u2019homme s\u2019est \u00e9teint ce 14 Mars 2014 alors qu\u2019il est rentr\u00e9 au pays apr\u00e8s son admission dans un h\u00f4pital \u00e0 l\u2019\u00e9tranger.<\/p>\n","protected":false},"author":7,"featured_media":0,"comment_status":"closed","ping_status":"open","sticky":false,"template":"","format":"standard","meta":[],"categories":[1],"tags":[],"_links":{"self":[{"href":"http:\/\/mtn-togo.org\/index.php?rest_route=\/wp\/v2\/posts\/3386"}],"collection":[{"href":"http:\/\/mtn-togo.org\/index.php?rest_route=\/wp\/v2\/posts"}],"about":[{"href":"http:\/\/mtn-togo.org\/index.php?rest_route=\/wp\/v2\/types\/post"}],"author":[{"embeddable":true,"href":"http:\/\/mtn-togo.org\/index.php?rest_route=\/wp\/v2\/users\/7"}],"replies":[{"embeddable":true,"href":"http:\/\/mtn-togo.org\/index.php?rest_route=%2Fwp%2Fv2%2Fcomments&post=3386"}],"version-history":[{"count":5,"href":"http:\/\/mtn-togo.org\/index.php?rest_route=\/wp\/v2\/posts\/3386\/revisions"}],"predecessor-version":[{"id":3394,"href":"http:\/\/mtn-togo.org\/index.php?rest_route=\/wp\/v2\/posts\/3386\/revisions\/3394"}],"wp:attachment":[{"href":"http:\/\/mtn-togo.org\/index.php?rest_route=%2Fwp%2Fv2%2Fmedia&parent=3386"}],"wp:term":[{"taxonomy":"category","embeddable":true,"href":"http:\/\/mtn-togo.org\/index.php?rest_route=%2Fwp%2Fv2%2Fcategories&post=3386"},{"taxonomy":"post_tag","embeddable":true,"href":"http:\/\/mtn-togo.org\/index.php?rest_route=%2Fwp%2Fv2%2Ftags&post=3386"}],"curies":[{"name":"wp","href":"https:\/\/api.w.org\/{rel}","templated":true}]}}