{"id":3395,"date":"2014-03-22T13:48:13","date_gmt":"2014-03-22T18:48:13","guid":{"rendered":"http:\/\/mtn-togo.org\/?p=3395"},"modified":"2014-03-22T13:48:13","modified_gmt":"2014-03-22T18:48:13","slug":"cote-divoire-charles-ble-goude-en-route-vers-la-haye","status":"publish","type":"post","link":"http:\/\/mtn-togo.org\/?p=3395","title":{"rendered":"C\u00f4te d\u2019Ivoire: Charles Bl\u00e9 Goud\u00e9 en route vers La Haye"},"content":{"rendered":"<div>\n<p><a href=\"http:\/\/mtn-togo.org\/wp-content\/uploads\/2014\/03\/1461034_3_4477_leader-des-jeunes-patriotes-pro-gbagbo_610b4a7079eb7eebdb59653a786de971.jpg\"><img loading=\"lazy\" class=\"alignleft size-medium wp-image-3396\" alt=\"1461034_3_4477_leader-des-jeunes-patriotes-pro-gbagbo_610b4a7079eb7eebdb59653a786de971\" src=\"http:\/\/mtn-togo.org\/wp-content\/uploads\/2014\/03\/1461034_3_4477_leader-des-jeunes-patriotes-pro-gbagbo_610b4a7079eb7eebdb59653a786de971-300x150.jpg\" width=\"300\" height=\"150\" srcset=\"http:\/\/mtn-togo.org\/wp-content\/uploads\/2014\/03\/1461034_3_4477_leader-des-jeunes-patriotes-pro-gbagbo_610b4a7079eb7eebdb59653a786de971-300x150.jpg 300w, http:\/\/mtn-togo.org\/wp-content\/uploads\/2014\/03\/1461034_3_4477_leader-des-jeunes-patriotes-pro-gbagbo_610b4a7079eb7eebdb59653a786de971.jpg 534w\" sizes=\"(max-width: 300px) 100vw, 300px\" \/><\/a>Charles Bl\u00e9 Goud\u00e9 s&#8217;est envol\u00e9 ce samedi matin 22 mars d&#8217;Abidjan pour La Haye, une information confirm\u00e9e par le bureau du procureur de la Cour p\u00e9nale internationale.<!--more-->\u00a0Celui qui avait \u00e9t\u00e9 surnomm\u00e9 le \u00ab\u00a0ministre de la rue\u00a0\u00bb, figure du r\u00e9gime de Laurent Gbagbo, a \u00e9t\u00e9 arr\u00eat\u00e9 au Ghana apr\u00e8s un an et demi de cavale en janvier 2013 puis transf\u00e9r\u00e9 \u00e0 Abidjan o\u00f9 il \u00e9tait d\u00e9tenu dans un lieu tenu secret. Les autorit\u00e9s ivoiriennes ont pris une ann\u00e9e pour appliquer le mandat d&#8217;arr\u00eat \u00e9mis par la justice internationale pour crimes contre l&#8217;humanit\u00e9.<\/p>\n<\/div>\n<div itemprop=\"articleBody\">\n<p>C&#8217;est un d\u00e9part en toute discr\u00e9tion car tr\u00e8s d\u00e9licat. Charles Bl\u00e9 Goud\u00e9 est tr\u00e8s populaire en C\u00f4te d&#8217;Ivoire, la CPI comme les autorit\u00e9s ivoiriennes craignaient donc d&#8217;\u00e9ventuelles \u00e9chauffour\u00e9es sur le trajet qui devait le mener de son lieu de d\u00e9tention &#8211;\u00a0tenu secret\u00a0&#8211; \u00e0 l&#8217;a\u00e9roport. Hier, lorsqu&#8217;il a \u00e9t\u00e9 pr\u00e9sent\u00e9 au palais de justice d&#8217;Abidjan, plusieurs dizaines de personnes ont tenu \u00e0 manifester leur opposition \u00e0 ce transf\u00e8rement et certaines ont \u00e9t\u00e9 arr\u00eat\u00e9es.<\/p>\n<p>Charles Bl\u00e9 Goud\u00e9 s\u2019est envol\u00e9 pour La Haye dans un avion pr\u00eat\u00e9 par la Belgique, escort\u00e9 notamment par plusieurs agents de s\u00e9curit\u00e9 de la Cour p\u00e9nale internationale. Ce soir, il passera la nuit \u00e0 la prison de Scheveningen, le centre de d\u00e9tention de la CPI. Il sera log\u00e9 dans la m\u00eame aile que Jean-Pierre Bemba, Thomas Lubanga, ou encore Germain Katanga, mais aussi bien s\u00fbr celle o\u00f9 est d\u00e9tenu son mentor Laurent Gbagbo. S&#8217;il ne devrait pas \u00eatre vis\u00e9 par une mesure d&#8217;isolement, il n&#8217;est pourtant pas certain que Charles Bl\u00e9 Goud\u00e9 puisse avoir des contacts avec l&#8217;ancien pr\u00e9sident ivoirien\u00a0: les juges peuvent exiger des mesures d&#8217;interdiction de communication entre certains d\u00e9tenus.<\/p>\n<p><strong>Premi\u00e8re audience<\/strong><\/p>\n<p>Une audience de premi\u00e8re comparution va \u00eatre fix\u00e9e au plus t\u00f4t par les juges de la CPI, mais ce sera <em>a priori<\/em>\u00a0en fin de semaine, vu que, lundi, se tient le G7 \u00e0 La Haye. Pendant cette audience, Charles Bl\u00e9 Goud\u00e9 devra confirmer son identit\u00e9, on lui notifiera les charges qui p\u00e8sent sur lui et on lui lira son mandat d&#8217;arr\u00eat. Un agenda sera ensuite fix\u00e9 pour l&#8217;audience de confirmation des charges, pr\u00e9vue en g\u00e9n\u00e9ral dans les six mois qui suivent l&#8217;arriv\u00e9e d&#8217;un suspect \u00e0 La Haye.<\/p>\n<p>source: rfi.fr<\/p>\n<\/div>\n","protected":false},"excerpt":{"rendered":"<p>Charles Bl\u00e9 Goud\u00e9 s&#8217;est envol\u00e9 ce samedi matin 22 mars d&#8217;Abidjan pour La Haye, une information confirm\u00e9e par le bureau du procureur de la Cour p\u00e9nale internationale.<\/p>\n","protected":false},"author":7,"featured_media":0,"comment_status":"closed","ping_status":"open","sticky":false,"template":"","format":"standard","meta":[],"categories":[1],"tags":[],"_links":{"self":[{"href":"http:\/\/mtn-togo.org\/index.php?rest_route=\/wp\/v2\/posts\/3395"}],"collection":[{"href":"http:\/\/mtn-togo.org\/index.php?rest_route=\/wp\/v2\/posts"}],"about":[{"href":"http:\/\/mtn-togo.org\/index.php?rest_route=\/wp\/v2\/types\/post"}],"author":[{"embeddable":true,"href":"http:\/\/mtn-togo.org\/index.php?rest_route=\/wp\/v2\/users\/7"}],"replies":[{"embeddable":true,"href":"http:\/\/mtn-togo.org\/index.php?rest_route=%2Fwp%2Fv2%2Fcomments&post=3395"}],"version-history":[{"count":1,"href":"http:\/\/mtn-togo.org\/index.php?rest_route=\/wp\/v2\/posts\/3395\/revisions"}],"predecessor-version":[{"id":3397,"href":"http:\/\/mtn-togo.org\/index.php?rest_route=\/wp\/v2\/posts\/3395\/revisions\/3397"}],"wp:attachment":[{"href":"http:\/\/mtn-togo.org\/index.php?rest_route=%2Fwp%2Fv2%2Fmedia&parent=3395"}],"wp:term":[{"taxonomy":"category","embeddable":true,"href":"http:\/\/mtn-togo.org\/index.php?rest_route=%2Fwp%2Fv2%2Fcategories&post=3395"},{"taxonomy":"post_tag","embeddable":true,"href":"http:\/\/mtn-togo.org\/index.php?rest_route=%2Fwp%2Fv2%2Ftags&post=3395"}],"curies":[{"name":"wp","href":"https:\/\/api.w.org\/{rel}","templated":true}]}}