{"id":3399,"date":"2014-03-22T14:50:07","date_gmt":"2014-03-22T19:50:07","guid":{"rendered":"http:\/\/mtn-togo.org\/?p=3399"},"modified":"2014-03-22T15:03:44","modified_gmt":"2014-03-22T20:03:44","slug":"lactuel-coordonateur-du-collectif-sauvons-le-togo-cst-zeus-atta-messan-ajavon-a-ete-admis-a-la-cour-penale-internationale-cpi","status":"publish","type":"post","link":"http:\/\/mtn-togo.org\/?p=3399","title":{"rendered":"L\u2019actuel coordonateur du Collectif \u00ab sauvons le Togo \u00bb (CST), Me Zeus Atta Messan Ajavon a \u00e9t\u00e9 admis \u00e0 la cour p\u00e9nale internationale (CPI)"},"content":{"rendered":"<p><a href=\"http:\/\/mtn-togo.org\/wp-content\/uploads\/2014\/03\/zeus-ajavon_12mai2013.jpg\"><img loading=\"lazy\" class=\"alignleft size-medium wp-image-3400\" alt=\"zeus-ajavon_12mai2013\" src=\"http:\/\/mtn-togo.org\/wp-content\/uploads\/2014\/03\/zeus-ajavon_12mai2013-300x174.jpg\" width=\"300\" height=\"174\" srcset=\"http:\/\/mtn-togo.org\/wp-content\/uploads\/2014\/03\/zeus-ajavon_12mai2013-300x174.jpg 300w, http:\/\/mtn-togo.org\/wp-content\/uploads\/2014\/03\/zeus-ajavon_12mai2013.jpg 500w\" sizes=\"(max-width: 300px) 100vw, 300px\" \/><\/a>Il est le deuxi\u00e8me avocat togolais \u00e0 int\u00e9grer cette institution internationale charg\u00e9e de juger les crimes de guerre et les crimes contre l\u2019humanit\u00e9 apr\u00e8s son coll\u00e8gue Me Jil-B\u00e9noit Afangb\u00e9dji.<!--more--><\/p>\n<p>\u00ab Son admission comme avocat \u00e0 la CPI\u00a0appara\u00eet non seulement comme le fruit d\u2019une cons\u00e9cration, mais aussi d\u2019un engagement sans rel\u00e2che pour le triomphe des droits de l\u2019homme au Togo \u00bb, a estim\u00e9 le journal Alternative paru dans les kiosques ce vendredi.<\/p>\n<p>Avant d\u2019\u00eatre admis \u00e0 la CPI, Me Ajavon a \u00e9t\u00e9 respectivement enseignant \u00e0 l\u2019universit\u00e9, d\u00e9put\u00e9 \u00e0 l\u2019assembl\u00e9e nationale et avocat au barreau de Lom\u00e9.<\/p>\n<p>Rita A.<\/p>\n<p>Le r\u00e9gime tortionnaire de Faure\u00a0Gnassingb\u00e9\u00a0et ses\u00a0\u00a0 militaires qui pillent,\u00a0violent et tuent\u00a0en vue de maintenir ad\u00a0viternam\u00a0la plus vieille monarchie dictatoriale en Afrique, doivent d\u00e9sormais consider que leurs actes iniques auront t\u00f4t ou tard des cons\u00e9quenses p\u00e9nales et que la peur va changer de camp.<\/p>\n<p><a href=\"http:\/\/www.mtn-togo.org\/\">www.mtn-togo.org<\/a><\/p>\n<p>&nbsp;<\/p>\n","protected":false},"excerpt":{"rendered":"<p>Il est le deuxi\u00e8me avocat togolais \u00e0 int\u00e9grer cette institution internationale charg\u00e9e de juger les crimes de guerre et les crimes contre l\u2019humanit\u00e9 apr\u00e8s son coll\u00e8gue Me Jil-B\u00e9noit Afangb\u00e9dji.<\/p>\n","protected":false},"author":7,"featured_media":0,"comment_status":"closed","ping_status":"open","sticky":false,"template":"","format":"standard","meta":[],"categories":[1],"tags":[],"_links":{"self":[{"href":"http:\/\/mtn-togo.org\/index.php?rest_route=\/wp\/v2\/posts\/3399"}],"collection":[{"href":"http:\/\/mtn-togo.org\/index.php?rest_route=\/wp\/v2\/posts"}],"about":[{"href":"http:\/\/mtn-togo.org\/index.php?rest_route=\/wp\/v2\/types\/post"}],"author":[{"embeddable":true,"href":"http:\/\/mtn-togo.org\/index.php?rest_route=\/wp\/v2\/users\/7"}],"replies":[{"embeddable":true,"href":"http:\/\/mtn-togo.org\/index.php?rest_route=%2Fwp%2Fv2%2Fcomments&post=3399"}],"version-history":[{"count":6,"href":"http:\/\/mtn-togo.org\/index.php?rest_route=\/wp\/v2\/posts\/3399\/revisions"}],"predecessor-version":[{"id":3406,"href":"http:\/\/mtn-togo.org\/index.php?rest_route=\/wp\/v2\/posts\/3399\/revisions\/3406"}],"wp:attachment":[{"href":"http:\/\/mtn-togo.org\/index.php?rest_route=%2Fwp%2Fv2%2Fmedia&parent=3399"}],"wp:term":[{"taxonomy":"category","embeddable":true,"href":"http:\/\/mtn-togo.org\/index.php?rest_route=%2Fwp%2Fv2%2Fcategories&post=3399"},{"taxonomy":"post_tag","embeddable":true,"href":"http:\/\/mtn-togo.org\/index.php?rest_route=%2Fwp%2Fv2%2Ftags&post=3399"}],"curies":[{"name":"wp","href":"https:\/\/api.w.org\/{rel}","templated":true}]}}