{"id":3412,"date":"2014-04-12T13:54:14","date_gmt":"2014-04-12T18:54:14","guid":{"rendered":"http:\/\/mtn-togo.org\/?p=3412"},"modified":"2014-04-12T13:56:00","modified_gmt":"2014-04-12T18:56:00","slug":"elegie-pour-hilaire-dossouvi-logo-par-eloi-koussawo-coordinateur-du-mo5","status":"publish","type":"post","link":"http:\/\/mtn-togo.org\/?p=3412","title":{"rendered":"\u00c9l\u00e9gie pour Hilaire Dossouvi LOGO par \u00c9loi Koussawo, Coordinateur du MO5"},"content":{"rendered":"<p><a href=\"http:\/\/mtn-togo.org\/wp-content\/uploads\/2014\/03\/Hilaire-Logo-Dossouvi-fait-sa-revolution_ng_image_full.jpg\"><img loading=\"lazy\" class=\"alignleft size-medium wp-image-3392\" alt=\"Hilaire-Logo-Dossouvi-fait-sa-revolution_ng_image_full\" src=\"http:\/\/mtn-togo.org\/wp-content\/uploads\/2014\/03\/Hilaire-Logo-Dossouvi-fait-sa-revolution_ng_image_full-300x211.jpg\" width=\"300\" height=\"211\" srcset=\"http:\/\/mtn-togo.org\/wp-content\/uploads\/2014\/03\/Hilaire-Logo-Dossouvi-fait-sa-revolution_ng_image_full-300x211.jpg 300w, http:\/\/mtn-togo.org\/wp-content\/uploads\/2014\/03\/Hilaire-Logo-Dossouvi-fait-sa-revolution_ng_image_full.jpg 308w\" sizes=\"(max-width: 300px) 100vw, 300px\" \/><\/a>Sept tambours sacr\u00e9s Atompani<br \/>\nSous un g\u00e9ant iroko ceint d&#8217;un blanc en percale<br \/>\nSonnent ton nom Hilaire\u00a0Dossouvi LOGO<!--more--><br \/>\nSur sept syllabes d&#8217;un nom hautement charg\u00e9<br \/>\nSouffle mystique de logo-azangou p\u00e9trifi\u00e9<br \/>\nSigne s\u00fbr d&#8217;un destin hors du commun<br \/>\nSois honor\u00e9 Logo, toi qui a honor\u00e9 le Togo !<\/p>\n<p>Fr\u00e8re, si sept esses sonores annoncent ma voix<br \/>\nC&#8217;est pour t&#8217;inscrire au frontispice de la R\u00e9publique<br \/>\nOubliant les amn\u00e9siques de ton apport capital<br \/>\nTu sais que nul ne peut enjamber la terre<br \/>\nOui, tu sais que le nombril ne se loge pas sur le flanc<br \/>\nEcoute donc la m\u00e9lodie qui dit l&#8217;imperfection humaine<br \/>\nGraine rare d&#8217;iroko, je chante ta gloire m\u00e9rit\u00e9e !<\/p>\n<p>Fr\u00e8re, des initi\u00e9s d\u00e9codent le son ivre qui vire \u00e0 l&#8217;autre rive<br \/>\nLe son magique qui t&#8217;accompagne jusqu&#8217;au royaume des braves<br \/>\nThr\u00e8ne qui entra\u00eene les grandes \u00e2mes dans l&#8217;\u00e9ternit\u00e9<br \/>\nM\u00e9lop\u00e9e qui met l&#8217;\u00e9p\u00e9e dans le fourreau de paix<br \/>\nLe son grave qui clame ton combat que nul affront ne bat<br \/>\nEcho de la main voyante qui tient la pierre r\u00e9sultante<br \/>\nOnde des mondes invisibles, barrissement du rhinoc\u00e9ros tut\u00e9laire<\/p>\n<p>Fr\u00e8re, \u00e0 l&#8217;appel de ta voix t\u00e9l\u00e9pathique<br \/>\nJ&#8217;ai r\u00e9pondu pr\u00e9sent tel un \u0153uf debout<br \/>\nQui d\u00e9fie merveilleusement la pesanteur<br \/>\nDeux fois sept jours \u00e0 peine, le souffle \u00e9ruptif a trouv\u00e9<br \/>\nLa voie silencieuse qui ordonne les espoirs \u00e9gar\u00e9s<br \/>\nPars donc au parc flamboyant du pardon des martyrs<br \/>\nToi le h\u00e9ros qui a fait courageusement sa part<\/p>\n<p>Fr\u00e8re, pour toi aussi la nuit a tacl\u00e9 l&#8217;\u00e9clat du jour lact\u00e9<br \/>\nL&#8217;aile se d\u00e9tache si haut pour la recharge c\u00e9leste<br \/>\nL&#8217;\u00e2me se rattache autrement pour la charge s\u00e9lecte<br \/>\nL&#8217;envol pur d&#8217;un homme t\u00e9m\u00e9raire mignot\u00e9 des dieux<br \/>\nConchiant la vaine d\u00e9n\u00e9gation des envieux de sa bravoure<br \/>\nLa tombe d&#8217;un h\u00e9ros qui tr\u00e9buche et tombe<br \/>\nIgnore le b\u00fbcher des flemmards \u00a0oublieux des syndromes<\/p>\n<p>Fr\u00e8re, je chante ton c\u0153ur r\u00e9ceptacle des d\u00e9charges \u00e9lectriques<br \/>\nJe dis ton c\u0153ur meurtri d\u00e9sormais sans ranc\u0153ur<br \/>\nEt ton corps assoupli jadis cible des furies non assoupies<br \/>\nJe redis tes m\u00e9rites bourgeons des fi\u00e9vreuses ann\u00e9es<br \/>\nTon courage s\u00e8ve suave de nos r\u00eaves hardis<br \/>\nLes grandes \u00e2mes n&#8217;ont jamais la couleur du g\u00e9ant-n\u00e9ant<br \/>\nJe te nomme pirogue sur eau qui se joue des insectes xylophages<\/p>\n<p>Fr\u00e8re, si mon chant a l&#8217;air et l&#8217;aire asym\u00e9triques<br \/>\nC&#8217;est pour ponctuer ton caract\u00e8re rebelle indomptable<br \/>\nInventeur incompris de ta propre roue, ta propre route<br \/>\nHeureux celui qui livre son assiette \u00e0 la faim collective<br \/>\nQui ne se plie qu&#8217;aux rythmes lancinants de l&#8217;in\u00e9narrable<br \/>\nVoix socle du matin couleur dos de hareng<br \/>\nAiguillon des consciences, salut !<br \/>\nEloi\u00a0Koussawo<br \/>\nMars 2014<\/p>\n","protected":false},"excerpt":{"rendered":"<p>Sept tambours sacr\u00e9s Atompani Sous un g\u00e9ant iroko ceint d&#8217;un blanc en percale Sonnent ton nom Hilaire\u00a0Dossouvi LOGO<\/p>\n","protected":false},"author":7,"featured_media":0,"comment_status":"closed","ping_status":"open","sticky":false,"template":"","format":"standard","meta":[],"categories":[1],"tags":[],"_links":{"self":[{"href":"http:\/\/mtn-togo.org\/index.php?rest_route=\/wp\/v2\/posts\/3412"}],"collection":[{"href":"http:\/\/mtn-togo.org\/index.php?rest_route=\/wp\/v2\/posts"}],"about":[{"href":"http:\/\/mtn-togo.org\/index.php?rest_route=\/wp\/v2\/types\/post"}],"author":[{"embeddable":true,"href":"http:\/\/mtn-togo.org\/index.php?rest_route=\/wp\/v2\/users\/7"}],"replies":[{"embeddable":true,"href":"http:\/\/mtn-togo.org\/index.php?rest_route=%2Fwp%2Fv2%2Fcomments&post=3412"}],"version-history":[{"count":1,"href":"http:\/\/mtn-togo.org\/index.php?rest_route=\/wp\/v2\/posts\/3412\/revisions"}],"predecessor-version":[{"id":3413,"href":"http:\/\/mtn-togo.org\/index.php?rest_route=\/wp\/v2\/posts\/3412\/revisions\/3413"}],"wp:attachment":[{"href":"http:\/\/mtn-togo.org\/index.php?rest_route=%2Fwp%2Fv2%2Fmedia&parent=3412"}],"wp:term":[{"taxonomy":"category","embeddable":true,"href":"http:\/\/mtn-togo.org\/index.php?rest_route=%2Fwp%2Fv2%2Fcategories&post=3412"},{"taxonomy":"post_tag","embeddable":true,"href":"http:\/\/mtn-togo.org\/index.php?rest_route=%2Fwp%2Fv2%2Ftags&post=3412"}],"curies":[{"name":"wp","href":"https:\/\/api.w.org\/{rel}","templated":true}]}}