{"id":3438,"date":"2014-07-26T13:24:16","date_gmt":"2014-07-26T18:24:16","guid":{"rendered":"http:\/\/mtn-togo.org\/?p=3438"},"modified":"2014-08-01T13:24:03","modified_gmt":"2014-08-01T18:24:03","slug":"23-juillet-1992-23-juillet-2014-hommages-du-mo5-a-tavio-ayao-amorin","status":"publish","type":"post","link":"http:\/\/mtn-togo.org\/?p=3438","title":{"rendered":"23 JUILLET 1992 &#8211; 23 JUILLET 2014: HOMMAGES DU MO5 \u00c0 TAVIO AYAO AMORIN"},"content":{"rendered":"<p><a href=\"http:\/\/mtn-togo.org\/wp-content\/uploads\/2014\/07\/Tavio-Amorin.bmp\"><img loading=\"lazy\" class=\"aligncenter size-medium wp-image-3439\" alt=\"Tavio Amorin\" src=\"http:\/\/mtn-togo.org\/wp-content\/uploads\/2014\/07\/Tavio-Amorin.bmp\" width=\"1\" height=\"1\" \/><\/a><a href=\"http:\/\/mtn-togo.org\/wp-content\/uploads\/2014\/07\/Tavio-Amorin.bmp\"><img loading=\"lazy\" class=\"alignleft size-medium wp-image-3439\" alt=\"Tavio Amorin\" src=\"http:\/\/mtn-togo.org\/wp-content\/uploads\/2014\/07\/Tavio-Amorin.bmp\" width=\"1\" height=\"1\" \/><\/a><a href=\"http:\/\/mtn-togo.org\/wp-content\/uploads\/2014\/07\/Tavio-Amorin.bmp\"><img loading=\"lazy\" class=\"alignleft size-medium wp-image-3439\" alt=\"Tavio Amorin\" src=\"http:\/\/mtn-togo.org\/wp-content\/uploads\/2014\/07\/Tavio-Amorin.bmp\" width=\"1\" height=\"1\" \/><\/a><a href=\"http:\/\/mtn-togo.org\/wp-content\/uploads\/2014\/07\/Tavio-Amorin.bmp\"><img loading=\"lazy\" class=\"alignleft size-medium wp-image-3439\" alt=\"Tavio Amorin\" src=\"http:\/\/mtn-togo.org\/wp-content\/uploads\/2014\/07\/Tavio-Amorin.bmp\" width=\"1\" height=\"1\" \/><\/a>&#8220;J&#8217;ai sem\u00e9 des graines, et elles germeront immanquablement.&#8221;<br \/>\nKwame\u00a0Nkrumah<\/p>\n<p><a href=\"http:\/\/mtn-togo.org\/wp-content\/uploads\/2014\/07\/Tavio-Amorin.bmp\"><img loading=\"lazy\" class=\"alignleft size-medium wp-image-3439\" alt=\"Tavio Amorin\" src=\"http:\/\/mtn-togo.org\/wp-content\/uploads\/2014\/07\/Tavio-Amorin.bmp\" width=\"1\" height=\"1\" \/><\/a>ce jour anniversaire de ta cruelle disparition, le Peu<a href=\"http:\/\/mtn-togo.org\/wp-content\/uploads\/2014\/07\/Tavio-Amorin.bmp\"><img loading=\"lazy\" class=\"alignleft size-medium wp-image-3439\" alt=\"Tavio Amorin\" src=\"http:\/\/mtn-togo.org\/wp-content\/uploads\/2014\/07\/Tavio-Amorin.bmp\" width=\"1\" height=\"1\" \/><\/a>ple\u00a0togolais et particuli\u00e8rement tes amis et compagnons de lutte du Mouvement patriotique du 5 Octobre (MO5) veulent t&#8217;exprimer la reconnaissance et te rendre un vibrant hommage.<!--more--> Nos pens\u00e9es vont \u00e0 ta famille, \u00e0 ton fils unique Eug\u00e9nio. Patriote de toujours, nationaliste jusqu&#8217;au fond de l&#8217;\u00e2me, tu resteras un mod\u00e8le pour notre peuple et surtout pour sa jeunesse.<\/p>\n<p>Camarade Tavio, tu as marqu\u00e9 le MO5 d&#8217;une empreinte ineffa\u00e7able. Pour nous qui portons devant l&#8217;Histoire le terrible poids d&#8217;an\u00e9antir la dictature sur la terre de nos a\u00efeux, nous faisons, devant ta m\u00e9moire, serment de poursuivre efficacement le combat sans jactance.<\/p>\n<p>Tu nous as quitt\u00e9s au moment o\u00f9 nous avions eu le plus besoin de toi. Tu es parti mais ton souvenir reste vivace dans nos c\u0153urs. M\u00eame tes ennemis, les ennemis du peuple te savent gr\u00e9 pour ton courage, ton intelligence et ton engagement politique en faveur des peuples.<\/p>\n<p>Nous voulons saisir l&#8217;occasion de ce 22 e anniversaire pour te dire que la semence, ta semence va germer immanquablement . Il poussera pour le bien et le bonheur de tous les Togolais. Et c&#8217;est ensemble un jour que tous, du nord au Sud, de l&#8217;Est \u00e0 l&#8217;Ouest, civils et militaires, nous irons nous incliner pieusement sur ta s\u00e9pulture.<\/p>\n<p>Camarade Octave Tobias\u00a0Tavio\u00a0Ayao\u00a0Amorin, le MO5 te salue! Re\u00e7ois cet acrostiche comme une libation:<\/p>\n<p><b>T<\/b>avio, ta vie reste un exemple de lutte<br \/>\n<b>A<\/b>vec toi le MO5 a vu le jour<br \/>\n<b>V<\/b>aleur\u00a0s\u00fbre de la jeunesse togolaise<br \/>\n<b>I<\/b>noubliable et immortel est ton nom<br \/>\n<b>O<\/b>ndulatoires seront tes id\u00e9es<\/p>\n<p><b>A<\/b>moureux des causes nobles<br \/>\n<b>M<\/b>od\u00e8le pour la jeunesse panafricaine<br \/>\n<b>O<\/b>rf\u00e8vre de l&#8217;Or de l&#8217;Humanit\u00e9<br \/>\n<b>R<\/b>ien ne pourra te faire oublier<br \/>\n<b>I<\/b>nd\u00e9niable est ton aura sur nous<br \/>\n<b>N<\/b>ous vaincrons car notre cause est juste!<\/p>\n<p>Bruxelles, le 23 juillet 2014<br \/>\nEloi\u00a0Koussawo, Coordinateur G\u00e9n\u00e9ral du MO5.<\/p>\n","protected":false},"excerpt":{"rendered":"<p>&#8220;J&#8217;ai sem\u00e9 des graines, et elles germeront immanquablement.&#8221; Kwame\u00a0Nkrumah ce jour anniversaire de ta cruelle disparition, le Peuple\u00a0togolais et particuli\u00e8rement tes amis et compagnons de lutte du Mouvement patriotique du 5 Octobre (MO5) veulent t&#8217;exprimer la reconnaissance et te rendre un vibrant hommage.<\/p>\n","protected":false},"author":7,"featured_media":0,"comment_status":"closed","ping_status":"open","sticky":false,"template":"","format":"standard","meta":[],"categories":[1],"tags":[],"_links":{"self":[{"href":"http:\/\/mtn-togo.org\/index.php?rest_route=\/wp\/v2\/posts\/3438"}],"collection":[{"href":"http:\/\/mtn-togo.org\/index.php?rest_route=\/wp\/v2\/posts"}],"about":[{"href":"http:\/\/mtn-togo.org\/index.php?rest_route=\/wp\/v2\/types\/post"}],"author":[{"embeddable":true,"href":"http:\/\/mtn-togo.org\/index.php?rest_route=\/wp\/v2\/users\/7"}],"replies":[{"embeddable":true,"href":"http:\/\/mtn-togo.org\/index.php?rest_route=%2Fwp%2Fv2%2Fcomments&post=3438"}],"version-history":[{"count":3,"href":"http:\/\/mtn-togo.org\/index.php?rest_route=\/wp\/v2\/posts\/3438\/revisions"}],"predecessor-version":[{"id":3444,"href":"http:\/\/mtn-togo.org\/index.php?rest_route=\/wp\/v2\/posts\/3438\/revisions\/3444"}],"wp:attachment":[{"href":"http:\/\/mtn-togo.org\/index.php?rest_route=%2Fwp%2Fv2%2Fmedia&parent=3438"}],"wp:term":[{"taxonomy":"category","embeddable":true,"href":"http:\/\/mtn-togo.org\/index.php?rest_route=%2Fwp%2Fv2%2Fcategories&post=3438"},{"taxonomy":"post_tag","embeddable":true,"href":"http:\/\/mtn-togo.org\/index.php?rest_route=%2Fwp%2Fv2%2Ftags&post=3438"}],"curies":[{"name":"wp","href":"https:\/\/api.w.org\/{rel}","templated":true}]}}