{"id":3456,"date":"2014-08-09T14:22:52","date_gmt":"2014-08-09T19:22:52","guid":{"rendered":"http:\/\/mtn-togo.org\/?p=3456"},"modified":"2014-08-09T14:24:11","modified_gmt":"2014-08-09T19:24:11","slug":"sit-in-au-domicile-de-pascal-bodjona-des-jeunes-reclament-son-retour-a-la-politique","status":"publish","type":"post","link":"http:\/\/mtn-togo.org\/?p=3456","title":{"rendered":"Sit-in au domicile de Pascal Bodjona : Des jeunes r\u00e9clament son \u00ab retour \u00e0 la politique \u00bb"},"content":{"rendered":"<p><span style=\"color: #000000;\"><a href=\"http:\/\/mtn-togo.org\/wp-content\/uploads\/2014\/08\/Sit-in-domicile-Pascal-Bodjona.bmp\"><img loading=\"lazy\" class=\"alignleft size-medium wp-image-3457\" alt=\"Sit in domicile Pascal Bodjona\" src=\"http:\/\/mtn-togo.org\/wp-content\/uploads\/2014\/08\/Sit-in-domicile-Pascal-Bodjona.bmp\" width=\"1\" height=\"1\" \/><\/a><a href=\"http:\/\/mtn-togo.org\/wp-content\/uploads\/2014\/08\/Sit-in-domicile-Pascal-Bodjona.bmp\"><img loading=\"lazy\" class=\"alignleft size-medium wp-image-3457\" alt=\"Sit in domicile Pascal Bodjona\" src=\"http:\/\/mtn-togo.org\/wp-content\/uploads\/2014\/08\/Sit-in-domicile-Pascal-Bodjona.bmp\" width=\"1\" height=\"1\" \/><\/a><a href=\"http:\/\/mtn-togo.org\/wp-content\/uploads\/2013\/09\/Abass-Kaboua-et-Pascal-Bodjona.jpg\"><img loading=\"lazy\" class=\"alignleft size-medium wp-image-3178\" alt=\"Abass Kaboua et  Pascal Bodjona\" src=\"http:\/\/mtn-togo.org\/wp-content\/uploads\/2013\/09\/Abass-Kaboua-et-Pascal-Bodjona-300x199.jpg\" width=\"300\" height=\"199\" srcset=\"http:\/\/mtn-togo.org\/wp-content\/uploads\/2013\/09\/Abass-Kaboua-et-Pascal-Bodjona-300x199.jpg 300w, http:\/\/mtn-togo.org\/wp-content\/uploads\/2013\/09\/Abass-Kaboua-et-Pascal-Bodjona.jpg 470w\" sizes=\"(max-width: 300px) 100vw, 300px\" \/><\/a>\u00a0Une foule de jeunes r\u00e9unis au sein du \u00ab Mouvement des amis de Pascal Bodjona\u00a0\u00bb a manifest\u00e9 \u00e0 travers un sit-in organis\u00e9 jeudi devant le domicile de l\u2019ancien bras droit de Faure Gnassingb\u00e9, sis au quartier Cacav\u00e9li \u00e0 Lom\u00e9.<!--more--><\/span><\/p>\n<p>Ce sit-in, selon les jeunes approch\u00e9s par l\u2019Agence de presse Afreepress, vise \u00e0 manifester leur \u00ab soutien infaillible \u00bb \u00e0 l\u2019ancien ministre de l\u2019Administration Territoriale dans l\u2019affaire qui l\u2019oppose \u00e0 un richissime homme d\u2019affaires Emirati du nom d\u2019Abbas Al-Youssef qui accuse M. Bodjona et plusieurs autres personnes d\u2019escroquerie \u00e0 son pr\u00e9judice.<br \/>\nUne affaire qualifi\u00e9e par les proches de l\u2019ancien Directeur de cabinet de la Pr\u00e9sidence de la R\u00e9publique d\u2019\u00ab acharnement politique \u00bb destin\u00e9e \u00e0 nuire \u00e0 l\u2019homme de Koum\u00e9a (localit\u00e9 situ\u00e9e \u00e0 435 km au nord de Lom\u00e9).<\/p>\n<p>Cette sortie vise selon ces jeunes \u00e0 d\u00e9noncer les \u00ab entorses \u00e0 la justice \u00bb recens\u00e9es dans ladite affaire, mais aussi \u00e0 annoncer officiellement l\u2019existence de leur mouvement de soutien aux c\u00f4t\u00e9s de l\u2019ancien ministre et ancien homme \u00e0 tout faire de l\u2019actuel Pr\u00e9sident de la R\u00e9publique du Togo.<br \/>\n\u00ab La fa\u00e7on dont le droit a \u00e9t\u00e9 appliqu\u00e9 dans cette affaire nous laisse croire que la justice togolaise\u00a0est instrumentalis\u00e9e et sert un seul homme. C\u2019est pour cela que nous avons d\u00e9cid\u00e9 de soutenir notre a\u00een\u00e9 Pascal Bodjona\u00a0pour lui dire qu\u2019il n\u2019est pas seul dans cette affaire. Les jeunes membres de notre mouvement sont venus de tous les coins du territoire national le soutenir \u00bb, a d\u00e9clar\u00e9 F\u00e9lix Koffi Kotchadjo, pr\u00e9sident du nouveau mouvement.<br \/>\nPour ces jeunes, l\u2019absence de Pascal Bodjona sur la sc\u00e8ne politique laisse un \u00ab vide qui est difficile \u00e0 combler \u00bb, d\u2019o\u00f9 la n\u00e9cessit\u00e9 de son retour aux affaires et ce dans les \u00ab meilleurs d\u00e9lais \u00bb.<\/p>\n<p>Le Mouvement des amis de Pascal Bodjona est un regroupement de plusieurs associations cr\u00e9\u00e9es pour le soutien de l\u2019ancien ministre. La m\u00eame manifestation aura lieu samedi prochain, promettent ces jeunes.<\/p>\n<p>Ga\u00ebl N.<\/p>\n<p>Source Afreepress<\/p>\n","protected":false},"excerpt":{"rendered":"<p>\u00a0Une foule de jeunes r\u00e9unis au sein du \u00ab Mouvement des amis de Pascal Bodjona\u00a0\u00bb a manifest\u00e9 \u00e0 travers un sit-in organis\u00e9 jeudi devant le domicile de l\u2019ancien bras droit de Faure Gnassingb\u00e9, sis au quartier Cacav\u00e9li \u00e0 Lom\u00e9.<\/p>\n","protected":false},"author":7,"featured_media":0,"comment_status":"closed","ping_status":"open","sticky":false,"template":"","format":"standard","meta":[],"categories":[1],"tags":[],"_links":{"self":[{"href":"http:\/\/mtn-togo.org\/index.php?rest_route=\/wp\/v2\/posts\/3456"}],"collection":[{"href":"http:\/\/mtn-togo.org\/index.php?rest_route=\/wp\/v2\/posts"}],"about":[{"href":"http:\/\/mtn-togo.org\/index.php?rest_route=\/wp\/v2\/types\/post"}],"author":[{"embeddable":true,"href":"http:\/\/mtn-togo.org\/index.php?rest_route=\/wp\/v2\/users\/7"}],"replies":[{"embeddable":true,"href":"http:\/\/mtn-togo.org\/index.php?rest_route=%2Fwp%2Fv2%2Fcomments&post=3456"}],"version-history":[{"count":1,"href":"http:\/\/mtn-togo.org\/index.php?rest_route=\/wp\/v2\/posts\/3456\/revisions"}],"predecessor-version":[{"id":3458,"href":"http:\/\/mtn-togo.org\/index.php?rest_route=\/wp\/v2\/posts\/3456\/revisions\/3458"}],"wp:attachment":[{"href":"http:\/\/mtn-togo.org\/index.php?rest_route=%2Fwp%2Fv2%2Fmedia&parent=3456"}],"wp:term":[{"taxonomy":"category","embeddable":true,"href":"http:\/\/mtn-togo.org\/index.php?rest_route=%2Fwp%2Fv2%2Fcategories&post=3456"},{"taxonomy":"post_tag","embeddable":true,"href":"http:\/\/mtn-togo.org\/index.php?rest_route=%2Fwp%2Fv2%2Ftags&post=3456"}],"curies":[{"name":"wp","href":"https:\/\/api.w.org\/{rel}","templated":true}]}}