{"id":3459,"date":"2014-08-10T16:45:56","date_gmt":"2014-08-10T21:45:56","guid":{"rendered":"http:\/\/mtn-togo.org\/?p=3459"},"modified":"2014-08-10T16:45:56","modified_gmt":"2014-08-10T21:45:56","slug":"le-prince-du-togo-rase-les-murs-a-washington","status":"publish","type":"post","link":"http:\/\/mtn-togo.org\/?p=3459","title":{"rendered":"Le Prince du Togo rase les murs \u00e0 Washington"},"content":{"rendered":"<p><a href=\"http:\/\/mtn-togo.org\/wp-content\/uploads\/2012\/11\/FaureGnassingb\u00e9_pensif.png\"><img loading=\"lazy\" class=\"alignleft size-full wp-image-2310\" alt=\"FaureGnassingb\u00e9_pensif\" src=\"http:\/\/mtn-togo.org\/wp-content\/uploads\/2012\/11\/FaureGnassingb\u00e9_pensif.png\" width=\"167\" height=\"115\" \/><\/a>Alors que la plupart des Chefs d\u2019Etats africains ayant pris part au sommet USA-Afrique brillent par leur pr\u00e9sence active et leurs multiples rencontres avec les officiels am\u00e9ricains dont notamment John\u00a0Kerry, Faure Gnassingb\u00e9 est bien contraint de raser les murs \u00e0 Washington.<!--more--><br \/>\n\u00a0<br \/>\nPour l\u2019instant, et selon les retours que nous avons, seule Sally\u00a0Jawell, la secr\u00e9taire d\u2019Etat am\u00e9ricaine \u00e0 l\u2019Int\u00e9rieur, l\u2019\u00e9quivalent au Togo du minist\u00e8re de l\u2019environnement a eu l\u2019amabilit\u00e9 de rendre visite au Prince dans ses appartements d\u00e8s son arriv\u00e9e \u00e0 Washington pour parler \u00e9cologie.<\/p>\n<p>Aucune autre rencontre avec un officiel am\u00e9ricain n\u2019est pr\u00e9vue dans le cahier de charge de Faure Gnassingb\u00e9.<br \/>\n\u00a0<br \/>\nLes multiples tractations de Robert Doussey\u00a0aupr\u00e8s du secr\u00e9tariat d\u2019Etat am\u00e9ricain pour que John\u00a0Kerry\u00a0accorde quelques minutes au Prince du Togo se sont r\u00e9v\u00e9l\u00e9es vaines alors qu\u2019au m\u00eame moment ce privil\u00e8ge est bien accord\u00e9 \u00e0 certains Chefs d\u2019Etats dont Blaise Compaor\u00e9 que Kerry a f\u00e9licit\u00e9 pour ses efforts en faveur du maintien de la paix en Afrique de l\u2019Ouest.<br \/>\n\u00a0<br \/>\nDe guerre lasse, Faure Gnassingb\u00e9 se voit ainsi contraint de se contenter des rencontres de bas-niveau notamment avec les hommes d\u2019affaires am\u00e9ricains et quelques griots du monde diplomatique pr\u00e9sents \u00e0 Washington.<br \/>\n\u00a0<br \/>\nMais comment en est-on arriv\u00e9 l\u00e0 pour que notre cher Pr\u00e9sident, le Prince des Princes puisse autant sentir la peste au point d\u2019\u00eatre ci-ind\u00e9sirable ?<br \/>\n\u00a0<br \/>\nAu moins deux raisons majeures expliquent cet \u00e9tat de fait.<br \/>\n\u00a0<br \/>\nLa premi\u00e8re tient du refus du Prince d\u2019op\u00e9rer les r\u00e9formes politiques pour garantir une assise effective de la d\u00e9mocratie et une perspective d\u2019alternance politique au Togo.<br \/>\n\u00a0<br \/>\nEn effet, la farce orchestr\u00e9e r\u00e9cemment par le pouvoir de Lom\u00e9 en envoyant un projet de loi sur les r\u00e9formes pour ensuite le faire rejeter par sa propre majorit\u00e9 a retenti dans le monde diplomatique comme une onde de choc qui a litt\u00e9ralement bris\u00e9 la fragile confiance que les puissances occidentales pla\u00e7aient encore en ce r\u00e9gime cinquantenaire de Lom\u00e9.<br \/>\n\u00a0<br \/>\nLes rapports \u00e9tablis \u00e0 la suite de cette com\u00e9die par le groupe des cinq ambassadeurs en poste au Togo pour le compte de l\u2019Allemagne, la France, les USA, l\u2019UE et l\u2019ONU sont plus que sal\u00e9s et illustrent parfaitement le niveau intol\u00e9rable de duplicit\u00e9 et de faux-fuyant du Prince et de son r\u00e9gime.<br \/>\n\u00a0<br \/>\nIl s\u2019av\u00e8re d\u2019ailleurs qu\u2019Alassane Ouattara, le Pr\u00e9sident ivoirien dont le Prince s\u2019\u00e9tait servi pour donner une cr\u00e9dibilit\u00e9 aux \u00e9lections l\u00e9gislatives de juillet 2013 est plus qu\u2019en courroux et attend bien des explications du Prince de Lom\u00e9 sur ce coup de force surprenant et parfaitement l\u00e2che qu\u2019il vient d\u2019op\u00e9rer avec sa majorit\u00e9 parlementaire.<br \/>\n\u00a0<br \/>\nPersonne dans les milieux diplomatiques n\u2019a pu comprendre comment le fils du p\u00e8re tient \u00e0 s\u2019accrocher aussi l\u00e2chement \u00e0 ce fauteuil que son p\u00e8re a d\u00e9j\u00e0 g\u00e9r\u00e9 pendant 38 ans et lui pendant 10 ans sans donner aucune possibilit\u00e9 d\u2019ouverture et d\u2019espoir \u00e0 ces milliers de togolais qui aspirent \u00e0 avoir une alternance pacifique dans ce pays.<br \/>\n\u00a0<br \/>\nD\u2019autres informations font \u00e9tat du m\u00eame courroux qui se d\u00e9veloppe aupr\u00e8s de l\u2019Union Europ\u00e9enne et d\u2019autres partenaires-soutiens du r\u00e9gime de Lom\u00e9. Des programmes de financements pour le Togo sont en voie d\u2019\u00eatre purement et simplement suspendus. L\u2019on parle d\u00e9j\u00e0 Fonds Europ\u00e9en de D\u00e9veloppement (FED) et du Programme de Modernisation de la Justice qui ne seront plus renouvel\u00e9s au Togo.<br \/>\n\u00a0<br \/>\nNaturellement de telles mesures vont d\u2019elles-m\u00eames d\u2019autant que le Programme de Modernisation de la Justice dans lequel les partenaires ont engag\u00e9 plus de 10 milliards de fcfa visait \u00e0 assurer une ind\u00e9pendance r\u00e9elle, pleine et enti\u00e8re de la justice au Togo.<br \/>\n\u00a0<br \/>\nMais o\u00f9 en est-on aujourd\u2019hui ? L\u00e0 vient justement la deuxi\u00e8me raison qui d\u00e9truit litt\u00e9ralement l\u2019image du Prince et de son r\u00e9gime aupr\u00e8s de la Communaut\u00e9 Internationale.<br \/>\n\u00a0<br \/>\nEn effet, la justice togolaise\u00a0n\u2019existe pratiquement plus. Et comme le disait si bien Lo\u00efck Le Floch\u00a0Prigent, elle se r\u00e9sume aux d\u00e9cisions d\u2019une seule et unique personne, Faure Gnassingb\u00e9.<br \/>\n\u00a0<br \/>\nAu Togo, disait-il, il n\u2019existe pas de justice en dehors du Chef de l\u2019Etat. M\u00eame les juges d\u2019instruction pensent qu\u2019ils doivent recevoir les consignes du Pr\u00e9sident de la R\u00e9publique avant de prendre leurs actes. O\u00f9 sommes-nous au juste ?<br \/>\n\u00a0<br \/>\nL\u2019on croirait \u00e0 une fable si des \u00e9l\u00e9ments corroborant ces all\u00e9gations n\u2019\u00e9taient pas l\u00e9gion dans ce petit pays de l\u2019Afrique de l\u2019Ouest.<br \/>\n\u00a0<br \/>\nL\u2019affaire des incendies qui est g\u00e9r\u00e9e de la mani\u00e8re la plus artisanale et insens\u00e9e est tr\u00e8s illustrative de cette funeste r\u00e9alit\u00e9.<br \/>\n\u00a0<br \/>\nVoil\u00e0 donc un dossier dans lequel le principal accusateur, Mohamed\u00a0Loom, dont les accusations avaient permis de mettre la main sur des leaders politiques, s\u2019est r\u00e9tract\u00e9 \u00e0 plusieurs reprises et accuse les t\u00e9nors du pouvoir de l\u2019avoir tortur\u00e9 et manipul\u00e9.<br \/>\n\u00a0<br \/>\nVoil\u00e0 un dossier dans lequel, les personnes mises en cause d\u00e9noncent, \u00e0 travers un rapport d\u00fbment \u00e9tabli, ceux qu\u2019ils consid\u00e8rent comme \u00e9tant les vrais auteurs et commanditaires de l\u2019acte incrimin\u00e9.<br \/>\n\u00a0<br \/>\nVoil\u00e0 encore un dossier dans lequel, le pouvoir lui-m\u00eame se pr\u00e9cipite pour d\u00e9molir le corps du d\u00e9lit sans l\u2019ordonnance du juge d\u2019instruction alors m\u00eame que cette instruction n\u2019est pas encore cl\u00f4tur\u00e9e et mieux, les rapports \u00e9tablis sur le mode op\u00e9ratoire et les substances utilis\u00e9es pour ce crime sont sujets \u00e0 pol\u00e9mique\u2026.<br \/>\n\u00a0<br \/>\nEt que, malgr\u00e9 tous ces n\u0153uds, le m\u00eame pouvoir veuille poursuivre la forfaiture en vue d\u2019\u00e9liminer de la course pr\u00e9sidentielle des adversaires politiques de taille.<br \/>\n\u00a0<br \/>\nComment le Pr\u00e9sident d\u2019un tel Etat de terreur et d\u2019injustice flagrante ne serait-il pas oblig\u00e9 de raser les murs dans des rencontres de taille o\u00f9 l\u2019on parle de la bonne gouvernance, de la promotion des droits de l\u2019homme, de la lutte contre la corruption etc ?<br \/>\n\u00a0<br \/>\nFaure\u00a0Gnassingb\u00e9 pourrait-il faire autrement que de raser les murs d\u00e8s lors que toute la Communaut\u00e9 Internationale sait d\u2019embl\u00e9e qu\u2019il est derri\u00e8re la fameuse affaire d\u2019escroquerie internationale par le biais de laquelle il entend d\u00e9molir un Pascal Bodjona qui est tant redout\u00e9 pas ce r\u00e9gime ?<br \/>\n\u00a0<br \/>\nDans cette curieuse affaire justement, et m\u00eame s\u2019il avait tent\u00e9 de se cacher, le Prince s\u2019est vu oblig\u00e9, \u00e0 un moment donn\u00e9 d\u2019agir \u00e0 visage d\u00e9couvert.<br \/>\n\u00a0<br \/>\nIl a fallu que Faure\u00a0Gnassingb\u00e9 donne des consignes fermes \u00e0 Yark Damehane, ministre de la s\u00e9curit\u00e9 et \u00e0 Akpovi \u00e0 l\u2019\u00e9poque Dg de la gendarmerie pour que ceux-ci s\u2019activent pour coordonner l\u2019interpellation de Pascal Bodjona le 1er septembre 2012.<br \/>\n\u00a0<br \/>\nIl a fallu qu\u2019il passe un coup de fil \u00e0 Alassane\u00a0Ouattara\u00a0pour obtenir l\u2019interpellation et le transf\u00e8rement pr\u00e9cipit\u00e9 de Lo\u00efck Le Floch\u00a0Prigent d\u2019Abidjan \u00e0 Lom\u00e9.<br \/>\n\u00a0<br \/>\nIl a aussi fallu que la France l\u2019interpelle directement et m\u00eame le menace pour qu\u2019il se r\u00e9solve \u00e0 l\u00e2cher leur citoyen qui a regagn\u00e9 son pays fin f\u00e9vrier 2013 apr\u00e8s 5 bons mois de d\u00e9tention \u00e0 la gendarmerie nationale de Lom\u00e9.<br \/>\n\u00a0<br \/>\nIl a fallu, dans sa vaine tentative de secr\u00e9ter des charges contre Pascal Bodjona, que le Prince envoie son conseiller \u00e0 plusieurs reprises \u00e0 Bamako pour forcer des r\u00e9v\u00e9lations de Aoua\u00a0Mounira.<br \/>\n\u00a0<br \/>\nIl a aussi fallu que le m\u00eame Prince refuse la lib\u00e9ration de Agba\u00a0Bertin pour que la d\u00e9cision de la Cour Supr\u00eame du 20 juin 2012 lib\u00e9rant ce dernier ne soit pas ex\u00e9cut\u00e9e.<br \/>\n\u00a0<br \/>\nIl a fallu encore une fois, que le Prince \u00e9courte \u00e0 nouveau la mission du m\u00eame conseiller en France pour que ce dernier se d\u00e9p\u00eache r\u00e9cemment \u00e0 Ath\u00e8nes afin de n\u00e9gocier farouchement la t\u00eate de Agba\u00a0Bertin retenu par la police grecque\u2026<br \/>\n\u00a0<br \/>\nIl a fallu beaucoup d\u2019autres faits et gestes du Prince pour que l\u2019affaire soit \u00e0 ce niveau pitoyable o\u00f9 elle se trouve actuellement\u2026.<br \/>\n\u00a0<br \/>\nComment un tel Chef qui se sait d\u00e9couvert dans ses supercheries ne finit pas par raser les murs quand il est en face des hommes lucides ?<br \/>\n\u00a0<br \/>\nTogoinfos<\/p>\n","protected":false},"excerpt":{"rendered":"<p>Alors que la plupart des Chefs d\u2019Etats africains ayant pris part au sommet USA-Afrique brillent par leur pr\u00e9sence active et leurs multiples rencontres avec les officiels am\u00e9ricains dont notamment John\u00a0Kerry, Faure Gnassingb\u00e9 est bien contraint de raser les murs \u00e0 Washington.<\/p>\n","protected":false},"author":7,"featured_media":0,"comment_status":"closed","ping_status":"open","sticky":false,"template":"","format":"standard","meta":[],"categories":[1],"tags":[],"_links":{"self":[{"href":"http:\/\/mtn-togo.org\/index.php?rest_route=\/wp\/v2\/posts\/3459"}],"collection":[{"href":"http:\/\/mtn-togo.org\/index.php?rest_route=\/wp\/v2\/posts"}],"about":[{"href":"http:\/\/mtn-togo.org\/index.php?rest_route=\/wp\/v2\/types\/post"}],"author":[{"embeddable":true,"href":"http:\/\/mtn-togo.org\/index.php?rest_route=\/wp\/v2\/users\/7"}],"replies":[{"embeddable":true,"href":"http:\/\/mtn-togo.org\/index.php?rest_route=%2Fwp%2Fv2%2Fcomments&post=3459"}],"version-history":[{"count":1,"href":"http:\/\/mtn-togo.org\/index.php?rest_route=\/wp\/v2\/posts\/3459\/revisions"}],"predecessor-version":[{"id":3460,"href":"http:\/\/mtn-togo.org\/index.php?rest_route=\/wp\/v2\/posts\/3459\/revisions\/3460"}],"wp:attachment":[{"href":"http:\/\/mtn-togo.org\/index.php?rest_route=%2Fwp%2Fv2%2Fmedia&parent=3459"}],"wp:term":[{"taxonomy":"category","embeddable":true,"href":"http:\/\/mtn-togo.org\/index.php?rest_route=%2Fwp%2Fv2%2Fcategories&post=3459"},{"taxonomy":"post_tag","embeddable":true,"href":"http:\/\/mtn-togo.org\/index.php?rest_route=%2Fwp%2Fv2%2Ftags&post=3459"}],"curies":[{"name":"wp","href":"https:\/\/api.w.org\/{rel}","templated":true}]}}