{"id":3492,"date":"2014-10-30T12:20:40","date_gmt":"2014-10-30T17:20:40","guid":{"rendered":"http:\/\/mtn-togo.org\/?p=3492"},"modified":"2014-11-02T20:20:28","modified_gmt":"2014-11-03T02:20:28","slug":"blaise-compaore-le-commanditaire-de-lassassinat-de-thomas-sankara-son-frere-et-ami-est-chasse-du-pouvoir-par-la-revolution-populaire-du-peuple-burkinabe","status":"publish","type":"post","link":"http:\/\/mtn-togo.org\/?p=3492","title":{"rendered":"Blaise Compaore, le commanditaire de l&#8217;assassinat de Thomas Sankara, son frere et ami, est chasse du pouvoir  par la revolution populaire du peuple burkinabe"},"content":{"rendered":"<p><a href=\"http:\/\/mtn-togo.org\/wp-content\/uploads\/2014\/10\/Revolution.jpg\"><img loading=\"lazy\" class=\"alignleft size-medium wp-image-3501\" alt=\"Revolution\" src=\"http:\/\/mtn-togo.org\/wp-content\/uploads\/2014\/10\/Revolution-300x180.jpg\" width=\"300\" height=\"180\" srcset=\"http:\/\/mtn-togo.org\/wp-content\/uploads\/2014\/10\/Revolution-300x180.jpg 300w, http:\/\/mtn-togo.org\/wp-content\/uploads\/2014\/10\/Revolution.jpg 460w\" sizes=\"(max-width: 300px) 100vw, 300px\" \/><\/a><a href=\"http:\/\/mtn-togo.org\/wp-content\/uploads\/2014\/10\/Revolution-au-burkina-Fasso.bmp\"><img loading=\"lazy\" class=\"alignleft size-medium wp-image-3493\" alt=\"Revolution au burkina Fasso\" src=\"http:\/\/mtn-togo.org\/wp-content\/uploads\/2014\/10\/Revolution-au-burkina-Fasso.bmp\" width=\"1\" height=\"1\" \/><\/a>\u00a0<strong><a href=\"http:\/\/mtn-togo.org\/wp-content\/uploads\/2014\/10\/Revolution-au-burkina-Fasso.bmp\"><img loading=\"lazy\" class=\"alignleft  wp-image-3493\" alt=\"Revolution au burkina Fasso\" src=\"http:\/\/mtn-togo.org\/wp-content\/uploads\/2014\/10\/Revolution-au-burkina-Fasso.bmp\" width=\"1\" height=\"1\" \/><\/a><\/strong><a href=\"http:\/\/mtn-togo.org\/wp-content\/uploads\/2014\/10\/Revolution-au-burkina.bmp\"><img loading=\"lazy\" class=\"alignleft size-medium wp-image-3496\" alt=\"Revolution au burkina\" src=\"http:\/\/mtn-togo.org\/wp-content\/uploads\/2014\/10\/Revolution-au-burkina.bmp\" width=\"1\" height=\"1\" \/><\/a>Le pr\u00e9sident du Burkina Faso\u00a0a quitt\u00e9 le pays apprend koaci.com de sources de l&#8217;Etat major.<!--more--><\/p>\n<p>Maroc, S\u00e9n\u00e9gal ou C\u00f4te d&#8217;Ivoire, la destination finale de<a href=\"http:\/\/www.koaci.com\/search-%20Blaise%20Compaor\u00e9%20.html\"> Blaise Compaor\u00e9 Search Blaise Compaor\u00e9 <\/a>n&#8217;a pas \u00e9t\u00e9 divulgu\u00e9e.<\/p>\n<p>Ce dernier aurait b\u00e9n\u00e9fici\u00e9 de l&#8217;aide de l&#8217;arm\u00e9e fran\u00e7aise pour \u00eatre \u00e9vacu\u00e9 en plusieurs \u00e9tapes, aux alentours de 10H TU.<\/p>\n<p>Impossible de savoir \u00e0 cette heure si la sortie du pays se serait faite par voie a\u00e9rienne ou terrestre et s&#8217;il s&#8217;agit d&#8217;un d\u00e9part &#8220;d\u00e9finitif&#8221; ou momentan\u00e9 voire temporaire pour s&#8217;\u00e9loigner de la temp\u00eate populaire qui souffle sans quasi violence sur Ouagadougou. En effet, pas de combat ou autre insurrection, la capitale est calme.<\/p>\n<p>Son fr\u00e8re Fran\u00e7ois a quant\u00a0\u00e0 lui \u00e9t\u00e9 emp\u00each\u00e9 de rejoindre la C\u00f4te d&#8217;Ivoire par des manifestants anti-modification de la constitution aid\u00e9s par des \u00e9l\u00e9ments des forces de l&#8217;ordre \u00e0 l&#8217;a\u00e9roport de Ouagadougou.<\/p>\n<p>Nous attendons actuellement la d\u00e9claration du chef d&#8217;Etat\u00a0major qui devrait se faire sous peu. Coup d&#8217;Etat populaire ou pas, r\u00e9ponse l\u00e0 encore sous peu.<\/p>\n<p>Compaor\u00e9 est arriv\u00e9 au pouvoir au Burkina en 1987 par un coup d&#8217;Etat\u00a0militaire qui chassait Thomas Sankara son &#8220;fr\u00e8re&#8221;, assassin\u00e9 le 15 octobre 1987. Il n&#8217;a ou n&#8217;avait depuis lors plus jamais quitt\u00e9 la t\u00eate du pouvoir.<\/p>\n<p>Koaci.com, Ouagadougou<\/p>\n<p><strong>\u00a0Chronologie des evenements <\/strong><\/p>\n<div>\n<p>Le Burkina Faso est en \u00e9bullition. Ce jeudi 30 octobre au matin, les d\u00e9put\u00e9s burkinab\u00e8 devaient examiner le projet de loi portant sur la r\u00e9vision de la Constitution permettant une nouvelle candidature du pr\u00e9sident Blaise Compaor\u00e9 apr\u00e8s 2015. Un projet largement contest\u00e9. Avant le d\u00e9but de la s\u00e9ance, des manifestants ont r\u00e9ussi \u00e0 p\u00e9n\u00e9trer dans l\u2019enceinte du Parlement. Depuis, le mouvement de col\u00e8re a pris de l\u2019ampleur et de violents combats ont eu lieu pr\u00e8s de la pr\u00e9sidence.<\/p>\n<p><!--break-->\u00c9mission sp\u00e9ciale ce jeudi sur RFI de 17h (TU) \u00e0 19h (TU).<\/p>\n<\/div>\n<div itemprop=\"articleBody\">\n<p><em>Les heures sont donn\u00e9es en temps universel<br \/>\n<\/em><\/p>\n<p><strong>16h27\u00a0:<\/strong> Les Nations unies annoncent l\u2019envoi d\u2019un \u00e9missaire \u00e0 Ouagadougou d\u00e8s ce jeudi. Le secr\u00e9taire g\u00e9n\u00e9ral de l\u2019ONU Ban Ki-moon \u00ab\u00a0<em>suit avec une grande inqui\u00e9tude la d\u00e9t\u00e9rioration de la situation au Burkina Faso<\/em>\u00a0\u00bb, pr\u00e9cise son porte-parole St\u00e9phane Dujarric.<\/p>\n<p><strong>15h30 : <\/strong>Une d\u00e9l\u00e9gation de manifestants est partie, en compagnie du chef d\u2019\u00e9tat-major particulier de Blaise Compaor\u00e9, le g\u00e9n\u00e9ral Diend\u00e9r\u00e9, vers le palais pr\u00e9sidentiel officiellement pour rencontrer le chef de l\u2019Etat.<\/p>\n<p><strong>15h05 : <\/strong>L\u2019autre envoy\u00e9 sp\u00e9cial de RFI, Fr\u00e9d\u00e9ric Garat, est au si\u00e8ge de l\u2019opposition burkinab\u00e8. Il pr\u00e9cise que tous les leaders du mouvement sont pr\u00e9sents, signe du d\u00e9but des grandes man\u0153uvres. Des diplomates, et notamment l\u2019ambassadeur de France, se sont aussi rendus au si\u00e8ge de l\u2019opposition pour \u00e9changer avec les responsables politiques.<\/p>\n<p><strong>15h02 : <\/strong>Sur l\u2019antenne de RFI, l\u2019envoy\u00e9e sp\u00e9ciale de RFI\u00a0Maureen\u00a0Grisot revient sur le g\u00e9n\u00e9ral Kouam\u00e9 Lougu\u00e9 qui explique qu\u2019il pourrait tout \u00e0 fait prendre la t\u00eate de la manifestation. Il semble soutenu par les milliers de manifestants pr\u00e9sents devant le palais pr\u00e9sidentiel.<\/p>\n<p><strong>14h50 : <\/strong>Une d\u00e9l\u00e9gation de manifestants se dirige vers le palais pr\u00e9sidentiel pour s\u2019entretenir avec le pr\u00e9sident Blaise Compaor\u00e9. A quelques centaines de m\u00e8tres, son avanc\u00e9e a \u00e9t\u00e9 de nouveau stopp\u00e9e et il a \u00e9t\u00e9 rejoint par le chef d&#8217;\u00e9tat-major particulier du pr\u00e9sident.<\/p>\n<p><strong>14h40 : <\/strong>Selon Maureen\u00a0Grisot, envoy\u00e9e sp\u00e9ciale de RFI\u00a0\u00e0 Ouagadougou, la garde pr\u00e9sidentielle est all\u00e9e au-devant du g\u00e9n\u00e9ral Kouam\u00e9 Lougu\u00e9 pour lui demander d\u2019arr\u00eater sa marche vers le palais de Kossyam et de laisser un dialogue s\u2019instaurer.<\/p>\n<p><strong>14h32 : <\/strong>L\u2019opposant B\u00e9n\u00e9wend\u00e9 Sankara affirme \u00e0 l\u2019AFP que l\u2019arm\u00e9e burkinab\u00e8 s\u2019est \u00ab\u00a0<em>soud\u00e9e avec le peuple<\/em>\u00a0\u00bb contre le pr\u00e9sident Blaise Compaor\u00e9. Il annonce par ailleurs que des responsables de l\u2019opposition doivent rencontrer prochainement le g\u00e9n\u00e9ral en retraite Kouam\u00e9 Lougu\u00e9, qui a \u00e9t\u00e9 chef d&#8217;\u00e9tat-major des arm\u00e9es et ministre de la D\u00e9fense.<\/p>\n<p><strong>14h27 : <\/strong>Sur les r\u00e9seaux sociaux, de nombreux appels sont lanc\u00e9s aux m\u00e9decins et autres personnels soignants pour qu\u2019ils viennent dans les cliniques et h\u00f4pitaux prendre en charge les bless\u00e9s.<\/p>\n<p><strong>14h20 : <\/strong>Le chef d\u2019\u00e9tat-major Honor\u00e9 Traor\u00e9 s&#8217;entretient avec la presse.<\/p>\n<p><strong>13h57 : <\/strong>Selon des responsables de l\u2019opposition contact\u00e9s par RFI, le pr\u00e9sident Blaise Compaor\u00e9 se trouverait toujours au palais pr\u00e9sidentiel.<\/p>\n<p><strong>13h55 : <\/strong>Apr\u00e8s les militaires, une d\u00e9l\u00e9gation de la classe politique de l\u2019opposition est all\u00e9e s\u2019entretenir avec le Mogho\u00a0Naba\u00a0(l\u2019empereur des Mossi, ethnie principale du pays) pour faire passer un message \u00e0 Blaise Compaor\u00e9, lui demandant de quitter le pouvoir.<\/p>\n<p><strong>13h50 : <\/strong>Les programmes de RFI\u00a0en FM, de m\u00eame que ceux d\u2019autres radios, ont \u00e9t\u00e9 interrompus \u00e0 Ouagadougou, apr\u00e8s le saccage de la radio nationale. (Pour capter RFI voir notre tableau en bas de l&#8217;article).<\/p>\n<p><strong>13h48 : <\/strong>L&#8217;hebdomadaire <em>Jeune Afrique <\/em>annonce, sur son site internet, la fermeture de l\u2019a\u00e9roport de Ouagadougou. Tous les vols au d\u00e9part ou \u00e0 l\u2019arriv\u00e9e de capitale bukinab\u00e8 sont annul\u00e9s.<\/p>\n<p><strong>13h15 : <\/strong>La France appelle au calme et \u00e0 la retenue au Burkina Faso alors que les Etats-Unis font part de leur inqui\u00e9tude.<\/p>\n<p><strong>12h55 : <\/strong>Tweet de Z\u00e9phirin Diabr\u00e9,\u00a0l\u2019un des chefs de file de l\u2019opposition : \u00ab\u00a0<em>Nous ne cautionnons pas la prise du pouvoir par la force. Nous voulons juste le respect de la d\u00e9mocratie<\/em>\u00a0\u00bb.<\/p>\n<p><strong>12h43 : <\/strong>Selon l\u2019envoy\u00e9 sp\u00e9cial de RFI \u00e0 Ouagadougou, Fr\u00e9d\u00e9ric Garat, le fr\u00e8re du pr\u00e9sident, Fran\u00e7ois Compaor\u00e9 a \u00e9t\u00e9 arr\u00eat\u00e9 \u00e0 l\u2019a\u00e9roport.<\/p>\n<p><strong>12h40 : <\/strong>Sur RFI, Bruno Kafondo, d\u00e9put\u00e9 UPC, parti d\u2019opposition, raconte le moment o\u00f9 les manifestants sont rentr\u00e9s dans l\u2019Assembl\u00e9e\u00a0: \u00ab\u00a0<em>On attendait tranquillement en \u00e9changeant les uns avec les autres. Puis, les d\u00e9put\u00e9s qui \u00e9taient de la majorit\u00e9 ont commenc\u00e9 \u00e0 filer de l\u2019Assembl\u00e9e. Ils venaient d\u2019avoir l\u2019information que des gens \u00e9taient en train de d\u00e9foncer les portes de l\u2019Assembl\u00e9e nationale. Ils sont arriv\u00e9s en masse. Ils ont d\u00e9fonc\u00e9 la balustrade centrale. Et compte tenu du fait que nous sommes des d\u00e9put\u00e9s de l\u2019opposition et que moi-m\u00eame je suis d\u2019un certain \u00e2ge, ils ont dit &#8221; Tonton, il n\u2019y a pas de probl\u00e8mes, venez\u00a0&#8220;, et ils m\u2019ont conduit plus loin\u00a0<\/em>\u00bb.<\/p>\n<p><strong>12h35 : <\/strong>Une question est sur toutes les l\u00e8vres\u00a0: o\u00f9 est le pr\u00e9sident Compaor\u00e9\u00a0? Des informations contradictoires circulent alors que la foule tente toujours d\u2019entrer \u00e0 la pr\u00e9sidence.<\/p>\n<p><strong>12h30 : <\/strong>En direct sur l\u2019antenne de RFI, le correspondant \u00e0 Ouagadougou fait le point sur la situation\u00a0: \u00ab\u00a0<em>Les manifestants sont d\u00e9termin\u00e9s. Ils tentent depuis pr\u00e8s de deux heures d\u2019entrer dans le palais pr\u00e9sidentiel. Il y a encore des tirs<\/em>\u00a0\u00bb.<\/p>\n<p><strong>12h30 :<\/strong>\u00a0Une r\u00e9union serait en cours entre les responsables militaires et l\u2019empereur des Mossi, l\u2019ethnie majoritaire du pays.<\/p>\n<p><strong>12h25 : <\/strong>Selon un journaliste burkinab\u00e8 contact\u00e9 par RFI, il y a des tirs pr\u00e8s du quartier des 1\u00a0200 logements o\u00f9 il y a eu un mort. Plusieurs chars ont tir\u00e9 en l\u2019air dans le quartier Ouaga 2\u00a0000 pr\u00e8s du palais pr\u00e9sidentiel.<\/p>\n<p><strong>12h20 : <\/strong>Z\u00e9phirin Diabr\u00e9, l\u2019un des chefs de file de l\u2019opposition, appelle \u00e0 la d\u00e9mission du pr\u00e9sident Blaise Compaor\u00e9.<\/p>\n<p><strong>12h00 : <\/strong>Autour du palais pr\u00e9sidentiel, le face-\u00e0-face entre les forces de l\u2019ordre et les manifestants dure depuis une heure, selon notre correspondant\u00a0\u00e0 Ouagadougou, Yaya\u00a0Boudani.<\/p>\n<p><strong>11h50 : <\/strong>Un habitant\u00a0de Bobo Dioulaso, contact\u00e9 par RFI, confirme la situation tendue dans la ville. Des manifestations ont commenc\u00e9 ce matin de mani\u00e8re dispers\u00e9e avant que des incendies n\u2019\u00e9clatent au si\u00e8ge du parti au pouvoir, \u00e0 la mairie et \u00e0 plusieurs domiciles de responsables politiques.<\/p>\n<p><strong>11h45 : <\/strong>Le site d\u2019information Burkina24 t\u00e9moigne d\u2019une situation confuse \u00e0 Bobo Dioulasso, la deuxi\u00e8me plus grande ville du pays.<\/p>\n<p><strong>11h36 : <\/strong>Selon plusieurs t\u00e9moignages circulant sur les r\u00e9seaux sociaux, des manifestants auraient tent\u00e9 d\u2019envahir le domicile du fr\u00e8re du pr\u00e9sident Compaor\u00e9. Les forces de l\u2019ordre auraient alors tir\u00e9 dans la foule. Aucun bilan n\u2019est encore disponible.<\/p>\n<p><strong>11h30 : <\/strong>Pour l\u2019un des leaders de l\u2019opposition, B\u00e9n\u00e9wend\u00e9 Sankara, le pr\u00e9sident Compaor\u00e9 doit \u00ab\u00a0<em>tirer les cons\u00e9quences<\/em>\u00a0\u00bb de l&#8217;assaut contre l&#8217;Assembl\u00e9e \u00e0 Ouagadougou.<\/p>\n<p><strong>11h17 : <\/strong>Selon un journaliste de l\u2019AFP, il y aurait un mort parmi les manifestants. Depuis quelques minutes, une information similaire circulait sur les r\u00e9seaux sociaux \u00e9voquant un d\u00e9c\u00e8s par balle dans le quartier des 1\u00a0200 logements.<\/p>\n<p><strong>11h10 : <\/strong>Selon des t\u00e9moins sur place, des flammes s\u2019\u00e9chappent du b\u00e2timent de l\u2019Assembl\u00e9e nationale, saccag\u00e9 plus t\u00f4t dans la matin\u00e9e par les manifestants.<\/p>\n<p><strong>11h00 : <\/strong>Fr\u00e9d\u00e9ric Garat, envoy\u00e9 sp\u00e9cial de RFI \u00e0 Ouagadougou, \u00e9voque le saccage de l\u2019h\u00f4tel Azala\u00ef Ind\u00e9pendance par les manifestants. D\u00e9sormais, les protestataires se regroupent vers le centre-ville.<\/p>\n<p><strong>10h50 : <\/strong><a href=\"http:\/\/www.sig.bf\/2014\/10\/communique-3\/\" target=\"_blank\">Dans un communiqu\u00e9 officiel<\/a>, le gouvernement du Burkina Faso appelle au calme et \u00e0 la retenue.<\/p>\n<p><strong>10h45 : <\/strong>Interrog\u00e9 par RFI, le porte-parole du gouvernement, Alain-Edouard Traor\u00e9 confirme l\u2019annulation du vote du projet de loi. Un vote qui devait avoir lieu ce jeudi. Mais il ne donne aucune information sur une possible annulation du projet de loi portant sur la modification de la Constitution.<\/p>\n<p><strong>10h35 : <\/strong>Pour Ablass\u00e9 Ou\u00e9draogo, d\u00e9put\u00e9 de l\u2019opposition, la situation est grave\u00a0: \u00ab\u00a0<em>Nous n\u2019\u00e9tions pas encore dans l\u2019h\u00e9micycle quand l\u2019Assembl\u00e9e a \u00e9t\u00e9 prise d\u2019assaut. Le Burkina Faso est en train de sombrer dans le chaos. Ce n\u2019est pas organis\u00e9 et tout peut arriver. Si on nous avait \u00e9cout\u00e9s, on aurait pu \u00e9viter tout cela\u00a0<\/em>\u00bb.<\/p>\n<p><strong>10h25: <\/strong>Selon le site d&#8217;information <a href=\"http:\/\/burkina24.com\/\" target=\"_blank\">Burkina24<\/a>, les locaux de la RTB-t\u00e9l\u00e9 ont \u00e9t\u00e9 saccag\u00e9s par les manifestants et celle-ci a cess\u00e9 d\u2019\u00e9mettre.<\/p>\n<p><strong>10h: <\/strong>La situation est extr\u00eamement tendue devant l\u2019Assemble nationale qui est tout enfum\u00e9e. Depuis ce matin, les manifestants avaient tent\u00e9 par tous les moyens d\u2019y acc\u00e9der et finalement vers 09h30 TU, ils ont r\u00e9ussi \u00e0 p\u00e9n\u00e9trer \u00e0 l\u2019int\u00e9rieur de l\u2019h\u00e9micycle. Les d\u00e9put\u00e9s sont parvenus \u00e0 s\u2019\u00e9chapper par une porte de secours se situant derri\u00e8re le b\u00e2timent du Parlement.<\/p>\n<p>Sur place, les manifestants ont tout saccag\u00e9 et incendi\u00e9 des v\u00e9hicules avant de se diriger vers la t\u00e9l\u00e9vision nationale du Burkina Faso o\u00f9 ils entendent faire une d\u00e9claration. Aux alentours du Parlement, il y a toujours des d\u00e9tonations et certains protestataires affrontent toujours les forces de l\u2019ordre.<\/p>\n<p>Les forces de s\u00e9curit\u00e9 du Faso, la force d\u2019\u00e9lite, ont d\u2019abord tir\u00e9 en l\u2019air pour essayer de disperser les manifestants, mais face \u00e0 leur d\u00e9termination, le service de s\u00e9curit\u00e9 pr\u00e9sidentielle a lib\u00e9r\u00e9 le passage. Maintenant, ces forces de l\u2019ordre sont du c\u00f4t\u00e9 de la t\u00e9l\u00e9vision nationale pour prot\u00e9ger le b\u00e2timent.<\/p>\n<p>Actuellement, les manifestants se sont dispers\u00e9s dans la ville en scandant \u00ab\u00a0Lib\u00e9rez Kossyam\u00a0\u00bb, du nom du palais pr\u00e9sidentiel. Smokey, l\u2019un des chefs de file du Balai citoyen, estime qu\u2019en emp\u00eachant le vote, l\u2019objectif du jour est atteint et n\u2019encourage pas les manifestants \u00e0 se diriger vers le palais pr\u00e9sidentiel.<\/p>\n<p>Le vote de ce projet de loi controvers\u00e9 n\u2019a donc pas eu lieu ce matin.<\/p>\n<p>source RFI<\/p>\n<\/div>\n","protected":false},"excerpt":{"rendered":"<p>\u00a0Le pr\u00e9sident du Burkina Faso\u00a0a quitt\u00e9 le pays apprend koaci.com de sources de l&#8217;Etat major.<\/p>\n","protected":false},"author":7,"featured_media":0,"comment_status":"closed","ping_status":"open","sticky":false,"template":"","format":"standard","meta":[],"categories":[1],"tags":[],"_links":{"self":[{"href":"http:\/\/mtn-togo.org\/index.php?rest_route=\/wp\/v2\/posts\/3492"}],"collection":[{"href":"http:\/\/mtn-togo.org\/index.php?rest_route=\/wp\/v2\/posts"}],"about":[{"href":"http:\/\/mtn-togo.org\/index.php?rest_route=\/wp\/v2\/types\/post"}],"author":[{"embeddable":true,"href":"http:\/\/mtn-togo.org\/index.php?rest_route=\/wp\/v2\/users\/7"}],"replies":[{"embeddable":true,"href":"http:\/\/mtn-togo.org\/index.php?rest_route=%2Fwp%2Fv2%2Fcomments&post=3492"}],"version-history":[{"count":6,"href":"http:\/\/mtn-togo.org\/index.php?rest_route=\/wp\/v2\/posts\/3492\/revisions"}],"predecessor-version":[{"id":3502,"href":"http:\/\/mtn-togo.org\/index.php?rest_route=\/wp\/v2\/posts\/3492\/revisions\/3502"}],"wp:attachment":[{"href":"http:\/\/mtn-togo.org\/index.php?rest_route=%2Fwp%2Fv2%2Fmedia&parent=3492"}],"wp:term":[{"taxonomy":"category","embeddable":true,"href":"http:\/\/mtn-togo.org\/index.php?rest_route=%2Fwp%2Fv2%2Fcategories&post=3492"},{"taxonomy":"post_tag","embeddable":true,"href":"http:\/\/mtn-togo.org\/index.php?rest_route=%2Fwp%2Fv2%2Ftags&post=3492"}],"curies":[{"name":"wp","href":"https:\/\/api.w.org\/{rel}","templated":true}]}}