{"id":3504,"date":"2014-11-07T12:48:16","date_gmt":"2014-11-07T18:48:16","guid":{"rendered":"http:\/\/mtn-togo.org\/?p=3504"},"modified":"2014-11-07T12:49:19","modified_gmt":"2014-11-07T18:49:19","slug":"les-heros-de-linsurrection-populaire-au-burkina-faso-lassina-sawadogo","status":"publish","type":"post","link":"http:\/\/mtn-togo.org\/?p=3504","title":{"rendered":"Les h\u00e9ros de l\u2019insurrection populaire au Burkina Faso : Lassina Sawadogo, un exemple pour les Togolais."},"content":{"rendered":"<p><b><b>\u00a0<a href=\"http:\/\/mtn-togo.org\/wp-content\/uploads\/2014\/11\/Lassina-Sawadogo.jpg\"><img loading=\"lazy\" class=\"alignleft size-medium wp-image-3505\" alt=\"Lassina Sawadogo\" src=\"http:\/\/mtn-togo.org\/wp-content\/uploads\/2014\/11\/Lassina-Sawadogo-300x178.jpg\" width=\"300\" height=\"178\" srcset=\"http:\/\/mtn-togo.org\/wp-content\/uploads\/2014\/11\/Lassina-Sawadogo-300x178.jpg 300w, http:\/\/mtn-togo.org\/wp-content\/uploads\/2014\/11\/Lassina-Sawadogo.jpg 480w\" sizes=\"(max-width: 300px) 100vw, 300px\" \/><\/a><\/b><\/b>Un jeune manifestant en corps \u00e0 corps avec deux militaires, cette photo des \u00e9chauffour\u00e9es du 30 octobre dernier au Burkina Faso\u00a0a fait le tour du monde. Entre commentaires et partages de statut sur Facebook, Lassina\u00a0Sawadogo\u00a0puisque c\u2019est de lui qu\u2019il s\u2019agit, fait le buzz malgr\u00e9 lui.<!--more-->\u00a0La quarantaine, mari\u00e9 et p\u00e8re de deux enfants, Monsieur Sawadogo\u00a0est inspecteur des imp\u00f4ts, footballeur \u00e0 ses heures perdues et sankariste\u00a0jusqu\u2019\u00e0 la moelle. Entre deux dossiers, il nous a re\u00e7u \u00e0 son bureau. T\u00e9moignages empreints d\u2019humilit\u00e9 d\u2019un des h\u00e9ros de la lutte contre la tenue du R\u00e9f\u00e9rendum au Burkina Faso.<\/p>\n<p><strong>Monsieur Sawadogo, c\u2019est quoi la petite histoire de ce corps \u00e0 corps sur la photo qui a fait le tour du monde\u00a0?<\/strong><\/p>\n<p>Aujourd\u2019hui je suis pratiquement g\u00ean\u00e9 quand je donne des interviews parce que j\u2019estime que cette image- l\u00e0 effectivement a \u00e9t\u00e9 v\u00e9hicul\u00e9e comme le symbole de la bravoure de la jeunesse burkinab\u00e8. Une jeunesse qui a os\u00e9 affronter les forces de l\u2019ordre pour un changement au Burkina. C\u2019est juste un instantan\u00e9 mais de millions d\u2019autres burkinab\u00e8 en ont fait autant. Sinon plus. Certains d\u2019ailleurs y ont perdu la vie. Moi j\u2019ai \u00e9t\u00e9 plus chanceux. Et c\u2019est \u00e0 eux que je pense quand je re\u00e7ois les messages de f\u00e9licitations et d\u2019encouragement. Et aussi \u00e0 tous ceux- l\u00e0 qui se sont battus ce jour- l\u00e0.<\/p>\n<p>Pour revenir au contenu de l\u2019image, disons qu\u2019\u00e0 l\u2019appel de mon parti, notre nouveau regroupement le Front Progressiste Sankariste\u00a0(FPS), j\u2019ai r\u00e9pondu. J\u2019habite le quartier Nangrin\u00a0qui est \u00e0 12 kilom\u00e8tres du centre ville. J\u2019ai un v\u00e9hicule mais ce jour- l\u00e0 j\u2019ai d\u00e9cid\u00e9 de venir \u00e0 pieds. Pour r\u00e9pondre \u00e0 l\u2019appel qui demandait qu\u2019on prenne d\u2019assaut l\u2019Assembl\u00e9e nationale pour emp\u00eacher la forfaiture qui \u00e9tait pr\u00e9par\u00e9 (\u2026) Vers 08 heures la population est sortie et on s\u2019est r\u00e9organis\u00e9 pour prendre d\u2019assaut l\u2019Assembl\u00e9e nationale. Je faisais partie de ce groupe- l\u00e0. Apr\u00e8s la prise de l\u2019Assembl\u00e9e nationale, on s\u2019est dit que ces gens- l\u00e0, s\u2019ils ont toujours la ma\u00eetrise de la t\u00e9l\u00e9vision nationale, sont capable de venir faire de la d\u00e9sinformation, de la propagande et on ne sait pas ce que \u00e7a peut donner. On a donc d\u00e9cid\u00e9 d\u2019aller occuper aussi la t\u00e9l\u00e9vision nationale. On le sait aujourd\u2019hui, tant que vous n\u2019avez pas les moyens de communication avec vous, ce genre de situation peut balancer \u00e0 tout moment. Le premier groupe qui est arriv\u00e9 \u00e0 la t\u00e9l\u00e9vision nationale, on n\u2019\u00e9tait pas nombreux et c\u2019est l\u00e0 qu\u2019on a affront\u00e9 les RSP\u00a0(les militaires du r\u00e9giment de s\u00e9curit\u00e9 pr\u00e9sidentielle, corps d\u2019\u00e9lite de l\u2019Arm\u00e9e, ndlr). C\u2019est juste cette action qui a \u00e9t\u00e9 photographi\u00e9e \u00e0 mon insu. Ils \u00e9taient deux sur la photo mais il y avait un troisi\u00e8me qui n\u2019appara\u00eet pas sur l\u2019image mais qui venait aussi sur moi. Naturellement comme on l\u2019a dit, on n\u2019\u00e9tait pas pr\u00e8s de reculer ce jour- l\u00e0. On savait d\u00e9j\u00e0 qu\u2019il y avait des morts vers chez Fran\u00e7ois (le petit fr\u00e8re du Pr\u00e9sident d\u00e9chu, ndlr), donc on s\u2019est dit qu\u2019on est sorti pour une cause et il ne faut plus reculer. Il y avait d\u2019autres camarades qui \u00e9taient l\u00e0 qui se battaient contre eux. Il y en avait m\u00eame un \u00e0 terre, il \u00e9tait tout seul et deux soldats le pi\u00e9tinaient. C\u2019\u00e9tait difficile \u00e0 voir. En fait c\u2019est lui que je partais d\u00e9fendre et les militaires sont venus sur moi. Je me suis donc arr\u00eat\u00e9, pr\u00eat \u00e0 me d\u00e9fendre\u00a0; j\u2019ai re\u00e7u des coups et je me suis d\u00e9fendu aussi. Heureusement le gros de la troupe des manifestants est arriv\u00e9 par la suite et les militaires que vous voyez ne sont pas rest\u00e9s longtemps.<\/p>\n<p><strong>Donc il y a eu \u00e9change de coups entre les militaires et vous\u00a0?<\/strong><\/p>\n<p><img loading=\"lazy\" alt=\"\" src=\"http:\/\/img0.lefaso.net\/local\/cache-vignettes\/L486xH365\/lassina_sawadogo2-e9ef7.jpg\" width=\"486\" height=\"365\" \/>Naturellement\u00a0! J\u2019\u00e9tais dans une posture o\u00f9 je ne pouvais plus reculer. Il fallait que je me d\u00e9fende. J\u2019ai toujours quelques cicatrices mais ce n\u2019est pas grave quand on sait que certains y ont perdu la vie. Je n\u2019ai pas non plus \u00e9t\u00e9 hospitalis\u00e9 contrairement \u00e0 d\u2019autres qui ont eu moins de chance et qui y sont toujours malheureusement.<\/p>\n<p>Quand on dit que la presse c\u2019est le quatri\u00e8me pouvoir, voil\u00e0 une image de quelqu\u2019un qui est habituellement anonyme,\u2026 je travaille dans la politique depuis bien longtemps, j\u2019ai toujours \u00e9t\u00e9 dans les bureaux ex\u00e9cutifs, j\u2019ai toujours tr\u00e8s souvent \u00e9t\u00e9 candidat aux diff\u00e9rentes \u00e9lections et je fais de mon mieux mais je n\u2019\u00e9tais pas au devant de la sc\u00e8ne. Voil\u00e0 un arr\u00eat sur image qui m\u2019a propuls\u00e9 au devant de la sc\u00e8ne occultant m\u00eame un peu le travail de beaucoup d\u2019autres. Je pense au mouvement Le Balai citoyen \u00e0 qui je rends hommage pour sa bravoure dans cette situation- l\u00e0. C\u2019est vrai qu\u2019avec les partis politiques ce n\u2019est pas toujours facile mais ils ont donn\u00e9 du courage \u00e0 beaucoup de gens et moi je ne peux que les f\u00e9liciter pour ce qu\u2019ils ont fait.<\/p>\n<p><strong>Vu les difficult\u00e9s que vous avez connues, est- ce que vous \u00eates pr\u00eat \u00e0 recommencer si les choses \u00e9taient \u00e0 reprendre\u00a0?<\/strong><\/p>\n<p>Je vous ai dit que j\u2019ai fait 12 kilom\u00e8tres \u00e0 pieds pour le ralliement. Beaucoup ont certainement fait plus. C\u2019est vrai que certains sont surpris en apprenant que c\u2019est m\u00eame un inspecteur des imp\u00f4ts qui de la famille, mais ce que certains ne savent pas c\u2019est que c\u2019est aussi un responsable de parti politique. Quand je quittais, mon papa qui r\u00e9side \u00e0 Bobo Dioulasso\u00a0ne cessait de m\u2019appeler. Il le faisait toutes les 20 minutes pour me supplier de ne pas y aller. Je lui ai tout simplement r\u00e9pondu que c\u2019est nous qui avons demand\u00e9 aux enfants des autres de sortir pour prendre d\u2019assaut l\u2019Assembl\u00e9e nationale. Il fallait que nous nous\u00a0mettions devant pour donner l\u2019exemple. Pourquoi on se mettrait en retrait pour laisser tuer les enfants des autres\u00a0? Je lui ai dit que ce n\u2019\u00e9tait pas la peine d\u2019insister parce que je ne pouvais pas reculer pour ce coup- ci. Quand je ne d\u00e9crochais plus il appelait ma femme pour s\u2019en inqui\u00e9ter\u2026bref\u00a0! On \u00e9tait pr\u00eat \u00e0 tout. Quand vous demandez si je referais la m\u00eame chose si c\u2019\u00e9tait \u00e0 refaire,\u2026moi j\u2019ai \u00e9t\u00e9 pionnier sous la r\u00e9volution. J\u2019ai \u00e9t\u00e9 pionnier sous la r\u00e9volution quand j\u2019\u00e9tais \u00e9l\u00e8ve \u00e0 Bobo Dioulasso. C\u2019\u00e9tait dans les ann\u00e9es 1984- 1985 jusqu\u2019\u00e0 ce que j\u2019aie le CEP (Certificat d\u2019\u00e9tudes primaires, ndlr). J\u2019ai \u00e9t\u00e9 re\u00e7u au concours pour l\u2019envoi des enfants \u00e0 Cuba mais ils ont pr\u00e9f\u00e9r\u00e9 envoyer les enfants d\u00e9scolaris\u00e9s en lieu et place\u00a0; \u00e0 l\u2019Universit\u00e9 j\u2019ai milit\u00e9 dans les mouvements estudiantins et dans le monde du travail j\u2019ai naturellement choisi un parti sankariste\u00a0parce que j\u2019ai \u00e9t\u00e9 berc\u00e9 dans le sankarisme. En 2014 \u00e7a ne pouvait pas se passer autrement parce que Sankara\u00a0le disait en son temps, vous m\u2019\u00e9liminez mais de millions de Sankara\u00a0na\u00eetront. Vous vous rendez compte que ce sont les millions d\u2019enfants de Thomas Sankara\u00a0qui ont grandi maintenant\u00a0? C\u2019est les millions de Thomas Sankara\u00a0qui ont atteint la maturit\u00e9 et qui ont d\u00e9cid\u00e9 de prendre leur destin en main. Voil\u00e0 un peu le sens de notre engagement et je pense que si c\u2019\u00e9tait \u00e0 refaire, pour les m\u00eames raisons, nous le referions.<\/p>\n<p><strong>\u00ab\u00a0Je ne re\u00e7ois pas moins de 100 \u00e0 150 demandes d\u2019amiti\u00e9 par jour sur Facebook\u00a0\u00bb<\/strong><\/p>\n<p>Ce que je voudrais ajouter c\u2019est que depuis la publication de l\u2019image, je ne re\u00e7ois pas moins de 100 \u00e0 150 demandes d\u2019amiti\u00e9 par jour sur mon facebook\u00a0; les messages de f\u00e9licitation et autres, je ne peux pas les d\u00e9nombrer, je ne peux pas r\u00e9pondre \u00e0 tout le monde. On m\u2019envoie des messages de partout, certains demandent mon num\u00e9ro pour \u00e9changer directement avec moi. Quand j\u2019accepte de r\u00e9pondre \u00e0 tous les journalistes c\u2019est parce que tout simplement je me suis dit qu\u2019on ne peut pas acc\u00e9der \u00e0 tous les jeunes burkinab\u00e8 qui ont combattu ce jour- l\u00e0 pour \u00e9changer avec eux, pour magnifier leur bravoure. Et comme mon image a \u00e9t\u00e9 publi\u00e9e sur le plan mondial, j\u2019ai accept\u00e9 de m\u2019exprimer au nom de tous ces jeunes qui ont \u00e9t\u00e9 tr\u00e8s braves, tr\u00e8s courageux et ont accept\u00e9 de se sacrifier.<\/p>\n<p><strong>Maintenant que les choses semblent rentrer dans l\u2019ordre, quelles sont vos attentes quant \u00e0 la conduite du processus de transition\u00a0?<\/strong><\/p>\n<p>Tout mon souhait c\u2019est que d\u00e9j\u00e0 on r\u00e9solve cette question de la remise du pouvoir aux civils. Il faut effectivement qu\u2019on d\u00e9militarise la gouvernance burkinab\u00e8. Que l\u2019ensemble de la classe politique trouve une solution \u00e0 la transition et que cette transition soit la plus paisible possible. J\u2019ai une pens\u00e9e pour ces militants du CDP, de l\u2019ADF\/ RDA (ex parti majoritaire et son principal parti alli\u00e9, ndlr) et leurs responsables qui ont failli \u00e0 un moment donn\u00e9. Aujourd\u2019hui ils ont subi beaucoup de pertes et on a restreint leur libert\u00e9 sans doute comme ils le faisaient en son temps\u00a0; mais je crois que pour que tout reprenne, il faut que les gens apaisent leurs c\u0153urs. Que ce qui s\u2019est pass\u00e9 soit rang\u00e9 parmi les effets collat\u00e9raux de la qu\u00eate de la d\u00e9mocratie pour aller de l\u2019avant. A eux aussi il faut de la mod\u00e9ration dans le ton, sinon le retour \u00e0 la normale sera difficile. Je pense aux op\u00e9rateurs \u00e9conomiques \u00e9galement. J\u2019avoue que je ne suis pas du tout d\u2019accord avec les pillages qu\u2019il y a eu. C\u2019est vrai, beaucoup sont du pouvoir ou des proches du pouvoir\u2026je lisais hier (L\u2019interview a \u00e9t\u00e9 r\u00e9alis\u00e9e le mercredi 05 novembre) que EBOMAF\u00a0a perdu pr\u00e8s de 02 milliards dans les d\u00e9g\u00e2ts. Mais\u00a0! Vous pensez que EBOMAF aura du mal \u00e0 vivre avec ce qu\u2019il a gagn\u00e9 ici ou m\u00eame \u00e0 l\u2019ext\u00e9rieur\u00a0? Non\u00a0! Par contre on a des parents de ces jeunes qui travaillaient \u00e0 EBOMAF. Ces gens- l\u00e0 risquent d\u2019\u00eatre au ch\u00f4mage pour un bout de temps. Il y a des parents qui travaillaient dans d\u2019autres entreprises qui ont \u00e9t\u00e9 sinistr\u00e9es, ces parents risquent d\u2019\u00eatre au ch\u00f4mage un bout de temps. On aurait pu \u00e9viter ces d\u00e9g\u00e2ts.<\/p>\n<p><strong>\u00ab\u00a0Que les h\u00e9ros nationaux soient enterr\u00e9s au monument route de Kosyam\u00a0\u00bb<\/strong><\/p>\n<p>Autre chose que je voulais ajouter, c\u2019est par rapport \u00e0 nos martyrs. Je ne dirais pas martyrs, moi je les appellerais\u00a0les h\u00e9ros nationaux qui sont tomb\u00e9s les armes \u00e0 la main. Mon parti n\u2019a pas encore fait de suggestion dans ce sens donc je parle en mon nom propre. Personnellement si je dois dire quelque chose c\u2019est que je souhaiterais que nos martyrs soient enterr\u00e9s au monument des h\u00e9ros qui se trouve sur la route de Kosyam\u00a0(palais pr\u00e9sidentiel, ndlr) \u00e0 Ouaga 2000\u00a0; et qu\u2019on y \u00e9l\u00e8ve des st\u00e8les \u00e0 leur nom pour que tout chef d\u2019Etat, tout pr\u00e9sident du Burkina Faso qui prendra la route pour entrer dans son palais, sache qu\u2019aujourd\u2019hui il a eu cette libert\u00e9 d\u2019acc\u00e9der au palais du fait du sacrifice de ces personnes. Et naturellement comme certains le disent, on ne fera pas l\u2019\u00e9conomie d\u2019un deuil national.<\/p>\n<p>Propos recueillis par Samuel\u00a0Somda<br \/>\nLefaso.net<\/p>\n","protected":false},"excerpt":{"rendered":"<p>\u00a0Un jeune manifestant en corps \u00e0 corps avec deux militaires, cette photo des \u00e9chauffour\u00e9es du 30 octobre dernier au Burkina Faso\u00a0a fait le tour du monde. Entre commentaires et partages de statut sur Facebook, Lassina\u00a0Sawadogo\u00a0puisque c\u2019est de lui qu\u2019il s\u2019agit, fait le buzz malgr\u00e9 lui.<\/p>\n","protected":false},"author":7,"featured_media":0,"comment_status":"closed","ping_status":"open","sticky":false,"template":"","format":"standard","meta":[],"categories":[1],"tags":[],"_links":{"self":[{"href":"http:\/\/mtn-togo.org\/index.php?rest_route=\/wp\/v2\/posts\/3504"}],"collection":[{"href":"http:\/\/mtn-togo.org\/index.php?rest_route=\/wp\/v2\/posts"}],"about":[{"href":"http:\/\/mtn-togo.org\/index.php?rest_route=\/wp\/v2\/types\/post"}],"author":[{"embeddable":true,"href":"http:\/\/mtn-togo.org\/index.php?rest_route=\/wp\/v2\/users\/7"}],"replies":[{"embeddable":true,"href":"http:\/\/mtn-togo.org\/index.php?rest_route=%2Fwp%2Fv2%2Fcomments&post=3504"}],"version-history":[{"count":2,"href":"http:\/\/mtn-togo.org\/index.php?rest_route=\/wp\/v2\/posts\/3504\/revisions"}],"predecessor-version":[{"id":3508,"href":"http:\/\/mtn-togo.org\/index.php?rest_route=\/wp\/v2\/posts\/3504\/revisions\/3508"}],"wp:attachment":[{"href":"http:\/\/mtn-togo.org\/index.php?rest_route=%2Fwp%2Fv2%2Fmedia&parent=3504"}],"wp:term":[{"taxonomy":"category","embeddable":true,"href":"http:\/\/mtn-togo.org\/index.php?rest_route=%2Fwp%2Fv2%2Fcategories&post=3504"},{"taxonomy":"post_tag","embeddable":true,"href":"http:\/\/mtn-togo.org\/index.php?rest_route=%2Fwp%2Fv2%2Ftags&post=3504"}],"curies":[{"name":"wp","href":"https:\/\/api.w.org\/{rel}","templated":true}]}}