{"id":3578,"date":"2017-10-31T02:02:28","date_gmt":"2017-10-31T07:02:28","guid":{"rendered":"http:\/\/mtn-togo.org\/?p=3578"},"modified":"2017-10-31T02:02:28","modified_gmt":"2017-10-31T07:02:28","slug":"communique-de-la-federation-de-la-diaspora-togolaise-au-canada-pour-la-democratie","status":"publish","type":"post","link":"http:\/\/mtn-togo.org\/?p=3578","title":{"rendered":"Communiqu\u00e9 de la F\u00e9d\u00e9ration de la Diaspora Togolaise au Canada pour la D\u00e9mocratie"},"content":{"rendered":"<p><a href=\"http:\/\/mtn-togo.org\/wp-content\/uploads\/2017\/10\/to-lgflag.gif\"><img loading=\"lazy\" class=\"alignnone size-medium wp-image-3579\" src=\"http:\/\/mtn-togo.org\/wp-content\/uploads\/2017\/10\/to-lgflag-300x203.gif\" alt=\"\" width=\"300\" height=\"203\" \/><\/a>Le nouveau bureau provisoire de la Diaspora Togolaise au Canada pour la D\u00e9mocratie s\u2019est r\u00e9uni ce mardi 26 septembre 2017, sous la direction de son pr\u00e9sident, Celse Kafui Am\u00e9din.<!--more--><\/p>\n<p>&nbsp;<\/p>\n<p>En tout premier lieu, le bureau tient \u00e0 remercier les Togolaises et Togolais de la Diaspora canadienne pour leur mobilisation et leur participation active \u00e0 la campagne de soutien aux victimes des r\u00e9pressions barbares lors des r\u00e9centes manifestations pacifiques au Togo. \u00c0 ce jour, une somme de 2035 $ a \u00e9t\u00e9 envoy\u00e9e \u00e0 des organismes \u0153uvrant sur le terrain au b\u00e9n\u00e9fice des manifestants. Un compte rendu d\u00e9taill\u00e9 sera fourni prochainement sur l\u2019utilisation de ce montant, d\u00e8s que les rapports d\u2019activit\u00e9s de ces organismes seront re\u00e7us.<\/p>\n<p>Le bureau a \u00e9labor\u00e9 un cahier de charges pour la r\u00e9alisation de son mandat et les \u00e9l\u00e9ments suivants ont \u00e9t\u00e9 identifi\u00e9s comme prioritaires\u00a0:<\/p>\n<ul>\n<li>un lobbysme actif aupr\u00e8s des autorit\u00e9s canadiennes et internationales sur la situation dramatique du Togo\u00a0;<\/li>\n<li>une intensification de la campagne de financement pour aider \u00e0 couvrir les besoins \u00e9normes sur le terrain, notamment les soins m\u00e9dicaux aux victimes des r\u00e9pressions inhumaines des manifestations et l&#8217;assistance aux personnes injustement incarc\u00e9r\u00e9es pour avoir exerc\u00e9 leur droit de manifester\u00a0;<\/li>\n<li>une synergie d\u2019actions avec les diff\u00e9rentes diasporas togolaises dans le monde\u00a0;<\/li>\n<li>une pr\u00e9sence dans les m\u00e9dias et sur les r\u00e9seaux sociaux pour mobiliser l\u2019opinion canadienne et mondiale\u00a0;<\/li>\n<li>une restructuration et une dynamisation de la diaspora canadienne.<\/li>\n<\/ul>\n<p>&nbsp;<\/p>\n<p>Le bureau a aussi pris note des nombreuses propositions d\u2019actions et\/ou de strat\u00e9gies qui lui ont \u00e9t\u00e9 soumises, elles seront \u00e9tudi\u00e9es dans les meilleurs d\u00e9lais.<\/p>\n<p>Chers membres de la Diaspora togolaise au Canada, l\u2019urgence du moment et la d\u00e9termination du Peuple togolais \u00e0 en finir avec 50 ans du r\u00e9gime dictatorial et militaire des Gnassingb\u00e9, nous enjoignent de rester mobilis\u00e9s et de participer massivement aux actions et activit\u00e9s que le bureau annoncera dans les jours \u00e0 venir.<\/p>\n<p>Mais d\u2019ores et d\u00e9j\u00e0, concernant le point capital des moyens de financement, <strong>le bureau invite chaque membre \u00e0 participer \u00e0 la nouvelle campagne de financement GOFUNDME qu\u2019il a initi\u00e9e pour soutenir la lutte de lib\u00e9ration du Togo\u00a0: <\/strong><a href=\"https:\/\/www.gofundme.com\/soutien-peuple-togolais-liberte\"><strong>https:\/\/www.gofundme.com\/soutien-peuple-togolais-liberte<\/strong><\/a><strong>. En plus, il vous prie de faire une promotion active et soutenue de cette campagne en partageant le lien avec \u00a0vos amis, coll\u00e8gues et connaissances de toutes origines et sur les r\u00e9seaux sociaux.<\/strong><\/p>\n<p><strong>Par ailleurs, le bureau vous invite aussi \u00e0 participer massivement \u00e0 la grande marche de la Diaspora togolaise au Canada pour la D\u00e9mocratie, qui aura lieu \u00e0 Montr\u00e9al, le samedi 7 octobre 2017, \u00e0 13<\/strong><strong>\u00a0<\/strong><strong>h \u00e0 partir de l\u2019H\u00f4tel de ville <\/strong>(275 rue Notre-Dame Est, Montr\u00e9al, QC H2V\u00a01C6)<strong>. L\u2019itin\u00e9raire et autres informations utiles seront divulgu\u00e9s tr\u00e8s prochainement.<\/strong><\/p>\n<p>Chers compatriotes, la Terre de nos A\u00efeux attend beaucoup de notre implication, en ce moment o\u00f9 le Peuple togolais r\u00e9clamant le retour \u00e0 la constitution de 1992 et le d\u00e9part de Faure Gnassingb\u00e9 du pouvoir, fait face courageusement et les mains nues, \u00e0 des forces arm\u00e9es et \u00e0 des milices qui tuent, agressent et sont directement coupables de violations diverses. Ces crimes et violations syst\u00e9matiques des droits humains ne resteront certainement pas impunis.<\/p>\n<p>Le Peuple est souverain et la d\u00e9termination des peuples est invincible. De notre mobilisation et de nos actions efficaces et coordonn\u00e9es, d\u00e9prendront le d\u00e9nouement rapide et la lib\u00e9ration de notre pays.<\/p>\n<p>Vainquons ou mourons, mais dans la dignit\u00e9\u00a0!<\/p>\n<p>Ensemble pour un Togo libre, d\u00e9mocratique et prosp\u00e8re\u00a0!<\/p>\n<p>&nbsp;<\/p>\n<p>&nbsp;<\/p>\n<p>Fait \u00e0 Sherbrooke (Qu\u00e9bec), Canada, le 28 septembre 2017<\/p>\n<p>Pour le Bureau provisoire de la F\u00e9d\u00e9ration de la diaspora canadienne pour la D\u00e9mocratie<\/p>\n<p>Le Pr\u00e9sident,<\/p>\n<p>Celse Kafui Am\u00e9din, Ph.D.<\/p>\n<p>Tel\u00a0: +1 819-434-2625<\/p>\n<p>&nbsp;<\/p>\n<p>&nbsp;<\/p>\n<p><u>Composition du Bureau provisoire de la F\u00e9d\u00e9ration de la diaspora canadienne pour la D\u00e9mocratie<\/u><\/p>\n<p>Pr\u00e9sident\u00a0: Celse Kafui AM\u00c9DIN (Sherbrooke)<\/p>\n<p>Vice-Pr\u00e9sident \u2013 Op\u00e9rations sur le terrain\u00a0: Alexis AJAVON (Ottawa-Gatineau)<\/p>\n<p>Vice-Pr\u00e9sident \u2013 Strat\u00e9gies et Int\u00e9gration\u00a0: Jo\u00ebl AMOVIN (Montr\u00e9al)<\/p>\n<p>Vice-Pr\u00e9sident \u2013 Information et Porte-parole\u00a0: Alphonse LAWSON-HELLU\u00a0\u00a0\u00a0\u00a0\u00a0\u00a0\u00a0\u00a0 (Winnipeg)<\/p>\n<p>Charg\u00e9 de la mobilisation\u00a0: Cr\u00e9do AGBOLI (Montr\u00e9al)<\/p>\n<p>Charg\u00e9 de la communication num\u00e9rique\u00a0: Martial ZOUNON (Montr\u00e9al)<\/p>\n<p>Secr\u00e9taire\u00a0: Raphael GBADOE (Montr\u00e9al)<\/p>\n<p>Tr\u00e9sorier\u00a0: Herman AGBEKPONOU (Montr\u00e9al)<\/p>\n<p>Conseillers :<\/p>\n<p>Cl\u00e9ment GEDU (Montr\u00e9al)<\/p>\n<p>Kossi AMOUZOU (Qu\u00e9bec)<\/p>\n<p>K\u00e9vin AGBAKPEM (Vancouver)<\/p>\n<p>&nbsp;<\/p>\n","protected":false},"excerpt":{"rendered":"<p>Le nouveau bureau provisoire de la Diaspora Togolaise au Canada pour la D\u00e9mocratie s\u2019est r\u00e9uni ce mardi 26 septembre 2017, sous la direction de son pr\u00e9sident, Celse Kafui Am\u00e9din.<\/p>\n","protected":false},"author":95190,"featured_media":0,"comment_status":"closed","ping_status":"open","sticky":false,"template":"","format":"standard","meta":[],"categories":[8,9,10,16],"tags":[],"_links":{"self":[{"href":"http:\/\/mtn-togo.org\/index.php?rest_route=\/wp\/v2\/posts\/3578"}],"collection":[{"href":"http:\/\/mtn-togo.org\/index.php?rest_route=\/wp\/v2\/posts"}],"about":[{"href":"http:\/\/mtn-togo.org\/index.php?rest_route=\/wp\/v2\/types\/post"}],"author":[{"embeddable":true,"href":"http:\/\/mtn-togo.org\/index.php?rest_route=\/wp\/v2\/users\/95190"}],"replies":[{"embeddable":true,"href":"http:\/\/mtn-togo.org\/index.php?rest_route=%2Fwp%2Fv2%2Fcomments&post=3578"}],"version-history":[{"count":1,"href":"http:\/\/mtn-togo.org\/index.php?rest_route=\/wp\/v2\/posts\/3578\/revisions"}],"predecessor-version":[{"id":3580,"href":"http:\/\/mtn-togo.org\/index.php?rest_route=\/wp\/v2\/posts\/3578\/revisions\/3580"}],"wp:attachment":[{"href":"http:\/\/mtn-togo.org\/index.php?rest_route=%2Fwp%2Fv2%2Fmedia&parent=3578"}],"wp:term":[{"taxonomy":"category","embeddable":true,"href":"http:\/\/mtn-togo.org\/index.php?rest_route=%2Fwp%2Fv2%2Fcategories&post=3578"},{"taxonomy":"post_tag","embeddable":true,"href":"http:\/\/mtn-togo.org\/index.php?rest_route=%2Fwp%2Fv2%2Ftags&post=3578"}],"curies":[{"name":"wp","href":"https:\/\/api.w.org\/{rel}","templated":true}]}}