{"id":3584,"date":"2017-11-14T22:35:23","date_gmt":"2017-11-15T04:35:23","guid":{"rendered":"http:\/\/mtn-togo.org\/?p=3584"},"modified":"2017-11-14T23:48:35","modified_gmt":"2017-11-15T05:48:35","slug":"communique-relatif-a-larrestation-arbitraire-de-trois-membres-du-mouvement-nubueke-au-togo","status":"publish","type":"post","link":"http:\/\/mtn-togo.org\/?p=3584","title":{"rendered":"Communiqu\u00e9 relatif \u00e0 l\u2019arrestation arbitraire de trois membres du Mouvement NUBU\u00c9K\u00c9 au Togo"},"content":{"rendered":"<p><span style=\"font-size: x-large;\"><a href=\"http:\/\/mtn-togo.org\/wp-content\/uploads\/2017\/11\/Handcuffs.jpg\"><img loading=\"lazy\" class=\"alignnone size-medium wp-image-3586\" src=\"http:\/\/mtn-togo.org\/wp-content\/uploads\/2017\/11\/Handcuffs-300x166.jpg\" alt=\"\" width=\"300\" height=\"166\" srcset=\"http:\/\/mtn-togo.org\/wp-content\/uploads\/2017\/11\/Handcuffs-300x166.jpg 300w, http:\/\/mtn-togo.org\/wp-content\/uploads\/2017\/11\/Handcuffs.jpg 341w\" sizes=\"(max-width: 300px) 100vw, 300px\" \/><\/a>D<\/span><span style=\"font-size: medium;\">IASPORA <\/span><span style=\"font-size: x-large;\">T<\/span><span style=\"font-size: medium;\">OGOLAISE AU <\/span><span style=\"font-size: x-large;\">C<\/span><span style=\"font-size: medium;\">ANADA POUR LA <\/span><span style=\"font-size: x-large;\">D<\/span><span style=\"font-size: medium;\">\u00c9MOCRATIE <\/span>DIASTOCADE<\/p>\n<p><span style=\"font-family: Calibri,Calibri; font-size: medium;\">Le Bureau de la Diaspora Togolaise au Canada pour la D\u00e9mocratie (DIASTOCADE) a appris que dans la nuit du 18 au 19 octobre 2017, des agents cagoul\u00e9s du tristement c\u00e9l\u00e8bre Service de Renseignements et d\u2019Investigation (SRI)<\/span><\/p>\n<p><!--more--><\/p>\n<p><span style=\"font-family: Calibri,Calibri; font-size: medium;\"> du Togo sont entr\u00e9s par effraction au domicile de M. <\/span><b><span style=\"font-family: Calibri,Calibri; font-size: medium;\">Messenth Kokodoko<\/span><\/b><span style=\"font-family: Calibri,Calibri; font-size: medium;\">, un responsable du Mouvement NUBU\u00c9K\u00c9. Apr\u00e8s avoir fracass\u00e9 la porte de sa chambre, ils l\u2019ont kidnapp\u00e9 de fa\u00e7on violente en aspergeant ses yeux d\u2019un produit toxique, et il a \u00e9t\u00e9 ensuite conduit manu militari au centre de torture du SRI. Il a alors \u00e9t\u00e9 soumis durant plusieurs jours \u00e0 des traitements cruels, inhumains et d\u00e9gradants, en violation flagrante de toutes les conventions internationales contre la torture sign\u00e9es par le Togo. Durant ces jours de d\u00e9tention ill\u00e9gale et arbitraire, M. Kokodoko a \u00e9t\u00e9 interdit de recevoir l\u2019assistance de ses avocats, et il a \u00e9t\u00e9 refus\u00e9 \u00e0 sa famille de lui apporter de la nourriture. Tous ces traitements inhumains \u00e9taient faits dans le but de lui extorquer des aveux afin de pouvoir l\u2019inculper. <\/span><\/p>\n<p><span style=\"font-family: Calibri,Calibri; font-size: medium;\">Par la suite, deux autres membres de NUBU\u00c9K\u00c9, M. <\/span><b><span style=\"font-family: Calibri,Calibri; font-size: medium;\">Kokou Dodji Eza <\/span><\/b><span style=\"font-family: Calibri,Calibri; font-size: medium;\">et M. <\/span><b><span style=\"font-family: Calibri,Calibri; font-size: medium;\">Fiacre Yao Atsu<\/span><\/b><span style=\"font-family: Calibri,Calibri; font-size: medium;\">, respectivement vice-pr\u00e9sident et ex-coordinateur \u00e0 Ago\u00e8 du mouvement, ont aussi \u00e9t\u00e9 ill\u00e9galement interpell\u00e9s le 26 octobre 2017, puis arbitrairement d\u00e9tenus au SRI durant plusieurs jours, o\u00f9 ils ont \u00e9t\u00e9 soumis \u00e0 des actes de torture psychologique et au refus des soins requis par leur \u00e9tat de sant\u00e9. <\/span><\/p>\n<p>Ces trois personnes ont \u00e9t\u00e9 finalement accus\u00e9es le 31 octobre 2017 de faux chefs d\u2019inculpation grotesques et fantaisistes, pour \u00eatre ensuite conduits en prison.<\/p>\n<p>Le Bureau de la DIASTOCADE observe que Messieurs Kokodoko, Eza et Atsu ont \u00e9t\u00e9 enlev\u00e9s parce qu\u2019ils sont des responsables du Mouvement NUBU\u00c9K\u00c9, une association de la soci\u00e9t\u00e9 civile togolaise qui porte assistance \u00e0 des personnes bless\u00e9es \u00e0 la suite des r\u00e9pressions sanglantes et barbares des manifestations pacifiques en cours depuis le 19 ao\u00fbt 2017 pour r\u00e9clamer le retour \u00e0 la constitution de 1992, le droit de vote des membres de la Diaspora et la d\u00e9mission de Faure Gnassingb\u00e9. Ces actes de r\u00e9pression sont donc men\u00e9s dans l\u2019objectif d\u2019affaiblir consid\u00e9rablement le mouvement NUBU\u00c9K\u00c9, l\u2019une des organisations partenaires de la DIASTOCADE agissant sur le terrain au Togo.<\/p>\n<p>Face \u00e0 ces actes barbares, syst\u00e9matiques et inacceptables, et consid\u00e9rant que :<\/p>\n<p><span style=\"font-family: Arial,Arial; font-size: medium;\">&#8211; <\/span><span style=\"font-family: Calibri,Calibri; font-size: medium;\">la vie des trois responsables de NUBU\u00c9K\u00c9 a \u00e9t\u00e9 et est mise en danger ; <\/span><\/p>\n<p><span style=\"font-family: Arial,Arial; font-size: medium;\">&#8211; <\/span><span style=\"font-family: Calibri,Calibri; font-size: medium;\">le SRI est r\u00e9put\u00e9 pour \u00eatre un lieu de non-droit r\u00e9gi par la torture et les traitements cruels, inhumains et d\u00e9gradants ; <\/span><\/p>\n<p><span style=\"font-family: Arial,Arial; font-size: medium;\">&#8211; <\/span><span style=\"font-family: Calibri,Calibri; font-size: medium;\">le pouvoir de Faure Gnassingb\u00e9, en s\u2019attaquant \u00e0 NUBU\u00c9K\u00c9, s\u2019inscrit dans une logique d\u00e9lib\u00e9r\u00e9e et inhumaine de non-assistance \u00e0 des personnes en danger ; <\/span><\/p>\n<p><span style=\"font-family: Arial,Arial; font-size: medium;\">&#8211; <\/span><span style=\"font-family: Calibri,Calibri; font-size: medium;\">la justice togolaise n\u2019est pas r\u00e9put\u00e9e pour son impartialit\u00e9 et elle est instrumentalis\u00e9e \u00e0 des fins politiques par le pouvoir ; <\/span><\/p>\n<p><span style=\"font-family: Arial,Arial; font-size: medium;\">&#8211; <\/span><span style=\"font-family: Calibri,Calibri; font-size: medium;\">l\u2019objectif des r\u00e9pressions actuelles est d\u2019\u00e9craser dans le sang, comme en 2005, les aspirations l\u00e9gitimes du Peuple togolais ; <\/span><\/p>\n<p>La Diaspora Togolaise au Canada pour la D\u00e9mocratie (DIASTOCADE) appelle le Canada, la Communaut\u00e9 internationale, notamment tous les pays qui ont sign\u00e9 les conventions contre la torture et autres peines ou traitements cruels inhumains et d\u00e9gradants, ainsi que les organisations des droits de l\u2019Homme comme Amnesty International, Human Right Watch, \u00e0 exiger :<\/p>\n<p><span style=\"font-family: Calibri,Calibri; font-size: medium;\">2 <\/span><b><span style=\"font-family: Cambria,Cambria; font-size: small;\">diastocade@disatocade.ca \u2013 soutien-Togo@diastocade.ca <\/span><\/b><\/p>\n<p><span style=\"font-size: small;\">\u2022 <\/span><b><span style=\"font-family: Calibri,Calibri; font-size: medium;\">La lib\u00e9ration inconditionnelle, effective et imm\u00e9diate des responsables de NUBU\u00c9K\u00c9 et de toutes les personnes incarc\u00e9r\u00e9es dans le cadre des manifestations qui se d\u00e9roulent au Togo depuis le 19 ao\u00fbt 2017 ; <\/span><\/b><\/p>\n<p><span style=\"font-size: small;\">\u2022 <\/span><span style=\"font-family: Calibri,Calibri; font-size: medium;\">La fin des arrestations arbitraires au Togo ; <\/span><\/p>\n<p><span style=\"font-size: small;\">\u2022 <\/span><span style=\"font-family: Calibri,Calibri; font-size: medium;\">La fin de la torture et des violations des droits de l\u2019Homme au Togo ; <\/span><\/p>\n<p><span style=\"font-size: small;\">\u2022 <\/span><span style=\"font-family: Calibri,Calibri; font-size: medium;\">La lib\u00e9ration dans les plus brefs d\u00e9lais de tous les prisonniers politiques arbitrairement d\u00e9tenus dans les prisons-mouroirs du Togo ; <\/span><\/p>\n<p><span style=\"font-size: small;\">\u2022 <\/span><span style=\"font-family: Calibri,Calibri; font-size: medium;\">La fin de l\u2019impunit\u00e9 pour tous les tortionnaires au Togo, et donc que ceux-ci soient traduits devant les juridictions internationales comp\u00e9tentes ; <\/span><\/p>\n<p><span style=\"font-size: small;\">\u2022 <\/span><span style=\"font-family: Calibri,Calibri; font-size: medium;\">La fin de l\u2019instrumentalisation de la justice togolaise afin que les personnes innocentes arbitrairement inculp\u00e9es ou incarc\u00e9r\u00e9es soient mises hors de cause et que les vrais coupables et commanditaires des actes criminels soient traduits en justice. <\/span><\/p>\n<p><span style=\"font-family: Calibri,Calibri; font-size: medium;\">Le Bureau de la DIASTOCADE lance un vibrant appel \u00e0 tous les membres la Diaspora togolaise pour continuer \u00e0 soutenir et \u00e0 intensifier les diverses actions afin d\u2019obtenir effectivement et rapidement l\u2019alternance d\u00e9mocratique et l\u2019\u00e9tablissement d\u2019un v\u00e9ritable \u00e9tat de droit au Togo, la <\/span><i><span style=\"font-family: Calibri,Calibri; font-size: medium;\">Terre de nos A\u00efeux<\/span><\/i><span style=\"font-family: Calibri,Calibri; font-size: medium;\">. <\/span><\/p>\n<p>Fait \u00e0 Sherbrooke, Canada, le 10 novembre 2017<\/p>\n<p>Pour la Diaspora Togolaise au Canada pour la D\u00e9mocratie (DIASTOCADE)<\/p>\n<p>Le Pr\u00e9sident du Bureau provisoire<\/p>\n<p>Celse Kafui Am\u00e9din, Ph.D.<\/p>\n<p>&nbsp;<\/p>\n","protected":false},"excerpt":{"rendered":"<p>DIASPORA TOGOLAISE AU CANADA POUR LA D\u00c9MOCRATIE DIASTOCADE Le Bureau de la Diaspora Togolaise au Canada pour la D\u00e9mocratie (DIASTOCADE) a appris que dans la nuit du 18 au 19 octobre 2017, des agents cagoul\u00e9s du tristement c\u00e9l\u00e8bre Service de Renseignements et d\u2019Investigation (SRI)<\/p>\n","protected":false},"author":95190,"featured_media":0,"comment_status":"closed","ping_status":"open","sticky":false,"template":"","format":"standard","meta":[],"categories":[1],"tags":[],"_links":{"self":[{"href":"http:\/\/mtn-togo.org\/index.php?rest_route=\/wp\/v2\/posts\/3584"}],"collection":[{"href":"http:\/\/mtn-togo.org\/index.php?rest_route=\/wp\/v2\/posts"}],"about":[{"href":"http:\/\/mtn-togo.org\/index.php?rest_route=\/wp\/v2\/types\/post"}],"author":[{"embeddable":true,"href":"http:\/\/mtn-togo.org\/index.php?rest_route=\/wp\/v2\/users\/95190"}],"replies":[{"embeddable":true,"href":"http:\/\/mtn-togo.org\/index.php?rest_route=%2Fwp%2Fv2%2Fcomments&post=3584"}],"version-history":[{"count":3,"href":"http:\/\/mtn-togo.org\/index.php?rest_route=\/wp\/v2\/posts\/3584\/revisions"}],"predecessor-version":[{"id":3588,"href":"http:\/\/mtn-togo.org\/index.php?rest_route=\/wp\/v2\/posts\/3584\/revisions\/3588"}],"wp:attachment":[{"href":"http:\/\/mtn-togo.org\/index.php?rest_route=%2Fwp%2Fv2%2Fmedia&parent=3584"}],"wp:term":[{"taxonomy":"category","embeddable":true,"href":"http:\/\/mtn-togo.org\/index.php?rest_route=%2Fwp%2Fv2%2Fcategories&post=3584"},{"taxonomy":"post_tag","embeddable":true,"href":"http:\/\/mtn-togo.org\/index.php?rest_route=%2Fwp%2Fv2%2Ftags&post=3584"}],"curies":[{"name":"wp","href":"https:\/\/api.w.org\/{rel}","templated":true}]}}