{"id":3610,"date":"2017-11-28T16:31:35","date_gmt":"2017-11-28T22:31:35","guid":{"rendered":"http:\/\/mtn-togo.org\/?p=3610"},"modified":"2017-11-28T16:33:53","modified_gmt":"2017-11-28T22:33:53","slug":"gilchrist-olympio-fait-un-bilan-amer-de-laccord-rpt-ufc-et-reclame-de-le-depart-du-pouvoir-de-faure-gnassingbe-en-2020","status":"publish","type":"post","link":"http:\/\/mtn-togo.org\/?p=3610","title":{"rendered":"Gilchrist Olympio fait un bilan amer de l&#8217;accord RPT-UFC et r\u00e9clame le depart du pouvoir de Faure Gnassingbe en 2020"},"content":{"rendered":"<p><a href=\"http:\/\/mtn-togo.org\/wp-content\/uploads\/2017\/11\/Gilchrist.jpg\"><img loading=\"lazy\" class=\"alignnone size-full wp-image-3611\" src=\"http:\/\/mtn-togo.org\/wp-content\/uploads\/2017\/11\/Gilchrist.jpg\" alt=\"\" width=\"259\" height=\"194\" \/><\/a><\/p>\n<p>Le leader charismatique de l&#8217;UFC, l&#8217;opposant historique\u00a0 au r\u00e9gime cinquantenaire des Gnassigb\u00e9\u00a0 annonce \u00e0 \u00a080 ans\u00a0 sa retraite de la vie politique\u00a0 lors d&#8217;une conf\u00e9rence\u00a0 tenue \u00e0 son domicile \u00e0 Lom\u00e9.<\/p>\n<p><!--more--><\/p>\n<p>C&#8217;est sur un gout amer qu&#8217;il\u00a0 constate\u00a0 l&#8217;\u00e9chec cuisant de l&#8217;accord &#8221;historique&#8221; qu&#8217;il a sign\u00e9 avec RPT \/UNIR pour lequel il a pay\u00e9 personnnellement\u00a0 un lourd tribu politique\u00a0 allant de la scission de son parti qui a donn\u00e9 naissance \u00e0 l&#8217;ANC de Jean Pierre Fabre, son ex Secretaire g\u00e9neral ,\u00a0 \u00e0 sa mort politique\u00a0 avec le desamour cinglant\u00a0 du Peuple togolais qui nourrit un fort sentiment d&#8217;avoir \u00e9te trahi par son leader historique<\/p>\n<p>Gilchrist constate avec beaucoup d\u00e9ception la fourberie et la duplicit\u00e9 de Faure Gnassingb\u00e9 qui a foul\u00e9 l&#8217;accord &#8221;historique&#8221; au pied \u00ab \u2026 le r\u00e9gime a continu\u00e9 \u00e0 travers des calculs politiciens \u00e0 court terme, \u00e0 saper les fondements de cet accord de gouvernement, le rendant ainsi partiellement inop\u00e9rant\u2026 le r\u00e9gime RPT-UNIR a plant\u00e9 les graines du d\u00e9sespoir et des instabilit\u00e9s qui risquent maintenant \u00e0 nouveau d\u2019enflammer notre pays, si le pouvoir en place ignore trop longtemps cette contestation l\u00e9gitime \u00bb.<\/p>\n<p>Au sujet de la crise politique sans prec\u00e9dent que traverse le Togo , Gilchrist\u00a0 conseille \u00a0le r\u00e9gime d&#8217; accepter le retour aux fondamentaux de la constitution de 1992, et estime que\u00a0 \u00a0le \u00ab Pr\u00e9sident Faure Gnassingbe\u00a0 <a class=\"infobulle\" href=\"http:\/\/www.koaci.com\/search-Faure%20Gnassingb%C3%A9.html\">\u00a0<\/a>doit ensuite accepter le principe de ne pas se repr\u00e9senter \u00e0 la pr\u00e9sidentielle de 2020 afin de laisser le champ libre \u00e0 une consultation d\u00e9mocratique libre \u00bb. Gilchrist a\u00a0 prevenu\u00a0 Faure\u00a0 Gnassingbe qu&#8217;\u00ab Il en ressortira grandi \u00e9vitant ainsi de vivre le sort personnel et collectif dont plusieurs pays africains ont d\u00e9j\u00e0 v\u00e9cu l\u2019exemple tragique \u00bb.<\/p>\n<p>Le leader de l&#8217;Union des Forces de Changement (UFC) pr\u00e9conise que \u00ab l\u2019opposition togolaise doit \u00eatre unie, et doit d\u00e9velopper un projet clair et responsable pour pr\u00e9parer la comp\u00e9tition d\u2019id\u00e9es \u00e0 laquelle tous les partis devront prendre part \u00bb et enfin\u00a0 il invite \u00ab les partenaires \u00e9trangers du Togo devront accompagner ses institutions et sa classe politique afin de pr\u00e9parer a des \u00e9lections libres, transparentes et accept\u00e9es de tous d\u2019ici deux ans \u00bb.<\/p>\n<p>Un parcours\u00a0 politique aussi atypique que celui du\u00a0 destin de son pays plong\u00e9 dans une sempiternelle\u00a0 crise qui dure depuis plus d&#8217;un d\u00e9mi si<span lang=\"fr\">\u00e8<\/span>cle avec\u00a0 l&#8217;assassinat\u00a0 de son p<span lang=\"fr\">\u00e8<\/span>re Sylvanus Olympio , p<span lang=\"fr\">\u00e8<\/span>re de l&#8217;ind\u00e9pendance du Togo.<\/p>\n<p>Matolaba Djalima Mtn-togo.org<\/p>\n<p>&nbsp;<\/p>\n","protected":false},"excerpt":{"rendered":"<p>Le leader charismatique de l&#8217;UFC, l&#8217;opposant historique\u00a0 au r\u00e9gime cinquantenaire des Gnassigb\u00e9\u00a0 annonce \u00e0 \u00a080 ans\u00a0 sa retraite de la vie politique\u00a0 lors d&#8217;une conf\u00e9rence\u00a0 tenue \u00e0 son domicile \u00e0 Lom\u00e9.<\/p>\n","protected":false},"author":95190,"featured_media":0,"comment_status":"closed","ping_status":"open","sticky":false,"template":"","format":"standard","meta":[],"categories":[1],"tags":[],"_links":{"self":[{"href":"http:\/\/mtn-togo.org\/index.php?rest_route=\/wp\/v2\/posts\/3610"}],"collection":[{"href":"http:\/\/mtn-togo.org\/index.php?rest_route=\/wp\/v2\/posts"}],"about":[{"href":"http:\/\/mtn-togo.org\/index.php?rest_route=\/wp\/v2\/types\/post"}],"author":[{"embeddable":true,"href":"http:\/\/mtn-togo.org\/index.php?rest_route=\/wp\/v2\/users\/95190"}],"replies":[{"embeddable":true,"href":"http:\/\/mtn-togo.org\/index.php?rest_route=%2Fwp%2Fv2%2Fcomments&post=3610"}],"version-history":[{"count":2,"href":"http:\/\/mtn-togo.org\/index.php?rest_route=\/wp\/v2\/posts\/3610\/revisions"}],"predecessor-version":[{"id":3613,"href":"http:\/\/mtn-togo.org\/index.php?rest_route=\/wp\/v2\/posts\/3610\/revisions\/3613"}],"wp:attachment":[{"href":"http:\/\/mtn-togo.org\/index.php?rest_route=%2Fwp%2Fv2%2Fmedia&parent=3610"}],"wp:term":[{"taxonomy":"category","embeddable":true,"href":"http:\/\/mtn-togo.org\/index.php?rest_route=%2Fwp%2Fv2%2Fcategories&post=3610"},{"taxonomy":"post_tag","embeddable":true,"href":"http:\/\/mtn-togo.org\/index.php?rest_route=%2Fwp%2Fv2%2Ftags&post=3610"}],"curies":[{"name":"wp","href":"https:\/\/api.w.org\/{rel}","templated":true}]}}