{"id":706,"date":"2011-07-26T08:51:23","date_gmt":"2011-07-26T13:51:23","guid":{"rendered":"http:\/\/mtn-togo.org\/?p=706"},"modified":"2011-08-26T13:00:16","modified_gmt":"2011-08-26T18:00:16","slug":"suivez-en-direct-la-couverture-du-congres-du-mtn-sur-fenetre-sur-l-afrique-le-samedi-30-juillet-2011-avec-amos","status":"publish","type":"post","link":"http:\/\/mtn-togo.org\/?p=706","title":{"rendered":"Echo du congres constitutif du MTN a Lyon"},"content":{"rendered":"<p><a href=\"http:\/\/mtn-togo.org\/wp-content\/uploads\/2011\/07\/PHOTO-GROUP-MTN-0021.jpg\"><img loading=\"lazy\" class=\"alignleft size-medium wp-image-725\" title=\"Photo de famille du congres du MTN a Lyon\" src=\"http:\/\/mtn-togo.org\/wp-content\/uploads\/2011\/07\/PHOTO-GROUP-MTN-0021-300x225.jpg\" alt=\"\" width=\"335\" height=\"225\" \/><\/a><a href=\"http:\/\/mtn-togo.org\/wp-content\/uploads\/2011\/07\/IMG_1314.jpg\"><img loading=\"lazy\" class=\"alignleft size-medium wp-image-713\" title=\"IMG_1314\" src=\"http:\/\/mtn-togo.org\/wp-content\/uploads\/2011\/07\/IMG_1314-300x225.jpg\" alt=\"\" width=\"334\" height=\"193\" \/><\/a><a href=\"http:\/\/mtn-togo.org\/wp-content\/uploads\/2011\/07\/IMG_13461.jpg\"><img loading=\"lazy\" class=\"alignleft size-medium wp-image-720\" title=\"IMG_1346\" src=\"http:\/\/mtn-togo.org\/wp-content\/uploads\/2011\/07\/IMG_13461-300x225.jpg\" alt=\"\" width=\"337\" height=\"191\" \/><\/a><\/p>\n<p>&nbsp;<\/p>\n<p>&nbsp;<\/p>\n<p>&nbsp;<\/p>\n<p>&nbsp;<\/p>\n<p>&nbsp;<\/p>\n<p><a title=\"Interview du president elu du MTN a la suite du congres\" href=\"http:\/\/www.togocity.com\/spip.php?article6650\">Suivez l&#8217; interview du president\u00a0elu \u00a0du MTN\u00a0 a la suite du congres, sur la radio Kanal K dans l&#8217;emission Fen\u00eatre sur l&#8217; Afrique avec Amos.<\/a><\/p>\n<div>\n<h2><span style=\"color: #ff99cc;\">Compte rendu du Congr\u00e8s de lancement du Mouvement pour un Togo Nouveau (MTN)<\/span><\/h2>\n<\/div>\n<p>Le Congr\u00e8s de lancement du Mouvement pour un Togo Nouveau (MTN) a ouvert ses travaux le vendredi 29 juillet 2011 dans la Commune de Saint-Fons \u00e0 Lyon autour du th\u00e8me \u00ab\u00a0Alternance et Alternative\u00a0\u00bb.Les travaux sont pr\u00e9vus pour durer deux jours. Les d\u00e9l\u00e9gu\u00e9s \u00e9taient venus de l\u2019Allemagne, de la Belgique, du Canada, des Etats-Unis et de plusieurs grandes villes de la France\u00a0: Paris, Marseille, Lille&#8230; Ils ont \u00e9t\u00e9 accueillis pour la plupart \u00e0 l\u2019a\u00e9roport Saint-Exup\u00e9ry de Lyon ou \u00e0 la Gare TGV de Lyon Part-Dieu par les organisateurs et repr\u00e9sentants du MTN \u00e0 Lyon.<\/p>\n<p>La journ\u00e9e de vendredi \u00e9tait consacr\u00e9e \u00e0 un conclave qui a r\u00e9uni seulement les membres fondateurs du Mouvement. Cette rencontre qui a d\u00e9but\u00e9 \u00e0 9h, n\u2019a \u00e9t\u00e9 autoris\u00e9e qu\u2019\u00e0 quelques rares journalistes pr\u00e9sents dont celui du mo5togo.com. Cette rencontre \u00e0 huis clos a permis de peaufiner les textes fondateurs du MTN et de s\u2019engager sur le chemin de la Sociale D\u00e9mocratie. Par ailleurs, les congressistes ont re\u00e7u la visite du Pr\u00e9sident de la Ligue des Droits de l\u2019Homme de Lyon M.\u00a0Jacques Dumortier venu prodiguer d\u2019utiles conseils aux participants. Au cours de cette rencontre qui a pris fin \u00e0 00h, un bureau du pr\u00e9sidium de trois membres a \u00e9t\u00e9 mis en place avec \u00e0 sa t\u00eate Sanny Akakpo Akobi venu du Canada. Avec cette longue journ\u00e9e de travail, les membres fondateurs viennent de porter sur les fonds baptismaux le Mouvement pour un Togo Nouveau (MTN).<\/p>\n<p>La journ\u00e9e de samedi a commenc\u00e9 par une s\u00e9ance de pri\u00e8re dirig\u00e9e par Abel Gbogbo venu des Etats-Unis. Apr\u00e8s avoir ex\u00e9cut\u00e9 la Marche R\u00e9publicaine et l\u2019Hymne National, le pr\u00e9sident du Pr\u00e9sidium a donn\u00e9 lecture du programme de la journ\u00e9e. Elle est consacr\u00e9e essentiellement aux travaux en commission. Commission \u00ab\u00a0Alternance\u00a0\u00bb et Commission \u00ab\u00a0Alternative\u00a0\u00bb. On note \u00e0 ces assises la pr\u00e9sence des repr\u00e9sentants d\u2019autres associations togolaises telles que\u00a0: le Conseil Mondial de la Diaspora Togolaise repr\u00e9sent\u00e9 par son coordinateur G\u00e9n\u00e9ral le Dr. Martin Amouzou de Lille, le Collectif des Togolais de Rh\u00f4ne-Alpes (CTRA) repr\u00e9sent\u00e9 par une d\u00e9l\u00e9gation conduite par son Pr\u00e9sident Th\u00e9o Agopome de Lyon ,l\u2019Organisation Citoyenne Pyramid Of Yewe \u00e9tait repr\u00e9sent\u00e9 par son Coordinateur G\u00e9n\u00e9ral Koffi Folikpo venu de la Suisse. Lors de la restitution des travaux des commissions et au cours du d\u00e9bat, \u00e0 la question de savoir si ce n\u2019est pas un mouvement de trop le MTN\u00a0? Non, r\u00e9pond un responsable du Mouvement\u00a0: \u00ab\u00a0Le MTN s\u2019inscrit dans une nouvelle dynamique. 51 ans apr\u00e8s les ind\u00e9pendances, 20 apr\u00e8s le d\u00e9clenchement du processus de d\u00e9mocratisation, le Togo v\u00e9g\u00e8te toujours dans la mis\u00e8re et la d\u00e9confiture et s\u2019enlise dans le refus des r\u00e9formes constitutionnelles et institutionnelles.\u00a0\u00bb Il ajoute\u00a0: \u00ab\u00a0Le MTN veut reprendre le flambeau pour faire du Togo, un pays libre, d\u00e9mocratique et prosp\u00e8re.\u00a0\u00bb<\/p>\n<p>De m\u00eame \u00e0 la question de savoir pourquoi une mobilisation de plus dans la diaspora alors que tout se passe sur le terrain au Togo. Pour cette question, les membres fondateurs l\u00e8vent le doute. Pour eux, le MTN se propose de rassembler les Togolais de la diaspora et du Togo et contrairement aux organisations de la soci\u00e9t\u00e9 civile de la diaspora, le MTN a un agenda politique. \u00ab\u00a0Nous nous positionnons comme la rel\u00e8ve politique au Togo. Le r\u00e9gime actuel se renouvelle et nous ne voulons pas subir une nouvelle dictature incarn\u00e9e par Faure Eyadema\u00a0\u00bb, a notamment affirm\u00e9 l\u2019un d\u2019eux<\/p>\n<p>Outre le Congr\u00e8s, c\u2019\u00e9taient aussi des retrouvailles entre des anciens compagnons de lutte sur le terrain au Togo qui se retrouvent aujourd\u2019hui \u00e9parpill\u00e9s dans les quatre coins du monde. Ainsi on constate la pr\u00e9sence de quatre anciens pr\u00e9sidents de l\u2019ancien Conseil des Etudiants de L\u2019Universit\u00e9 du Benin (CEUB)\u00a0: Issifou Moussa, Antoine Koffi Nadjombe, Sanny Akobi, Lawson-H\u00e9llu Alphonse\u00a0; des anciens d\u00e9l\u00e9gu\u00e9s g\u00e9n\u00e9raux de facult\u00e9s, des d\u00e9partements et Ecoles.<\/p>\n<p>Apr\u00e8s tout le Pr\u00e9sident du Pr\u00e9sidium a pr\u00e9sent\u00e9 \u00e0 l\u2019assistance le bureau ex\u00e9cutif issu du congr\u00e8s du MTN. Ce bureau de sept membres dont certains postes sont r\u00e9serv\u00e9s \u00e0 l\u2019antenne du MTN au Togo est dirig\u00e9 par M.\u00a0Lawson-H\u00e9llu Alphonse du Canada.<\/p>\n<p>Prenant la parole, le nouveau Pr\u00e9sident \u00e9lu du MTN Lawson-H\u00e9llu a estim\u00e9 que\u00a0: \u00ab\u00a0Faure Eyad\u00e9ma s\u2019est occup\u00e9 jusqu\u2019\u00e0 pr\u00e9sent de g\u00e9rer l\u2019h\u00e9ritage oppositionnel de son p\u00e8re. L\u2019opposition s\u2019est d\u00e9capit\u00e9e devant le syst\u00e8me incarn\u00e9 par Faure. Pour preuve, il cherche \u00e0 installer durablement son r\u00e9gime ill\u00e9gitime avec la complicit\u00e9 des r\u00e9formistes de tout horizon. Nous pensons que le moment est venu de lui opposer une opposition vraie issue de sa g\u00e9n\u00e9ration. Faure doit se pr\u00e9parer s\u00e9rieusement \u00e0 faire face \u00e0 ses opposants.\u00a0\u00bb Avant de conclure que\u00a0: \u00ab\u00a0L\u2019alternance et l\u2019alternative constituent les objectifs fondamentaux de notre combat.<\/p>\n<p>Le MTN (Mouvement pour un Togo Nouveau) s\u2019engage devant le peuple togolais et devant l\u2019histoire d\u2019aller au bout de sa mission, celle de lib\u00e9rer le peuple togolais. La mis\u00e8re, l\u2019humiliation, la privation de libert\u00e9 et tous les maux qui gangr\u00e8nent la soci\u00e9t\u00e9 togolaise doivent cesser. Tout gouvernement, tout dirigeant, quel qu\u2019il soit, nous rencontrera sur son chemin s\u2019il bafoue les principes fondamentaux de libert\u00e9, de justice, de d\u00e9mocratie de paix et de bien-\u00eatre social pour tous les togolais.\u00a0\u00bb Ce Congr\u00e8s de deux jours a pris fin avec une photo de famille.<\/p>\n<p>source: mo5-togo.org<\/p>\n","protected":false},"excerpt":{"rendered":"<p>&nbsp; &nbsp; &nbsp; &nbsp; &nbsp; Suivez l&#8217; interview du president\u00a0elu \u00a0du MTN\u00a0 a la suite du congres, sur la radio Kanal K dans l&#8217;emission Fen\u00eatre sur l&#8217; Afrique avec Amos. Compte rendu du Congr\u00e8s de lancement du Mouvement pour un Togo Nouveau (MTN) Le Congr\u00e8s de lancement du Mouvement pour un Togo Nouveau (MTN) a [&hellip;]<\/p>\n","protected":false},"author":7,"featured_media":0,"comment_status":"closed","ping_status":"open","sticky":false,"template":"","format":"standard","meta":[],"categories":[1],"tags":[],"_links":{"self":[{"href":"http:\/\/mtn-togo.org\/index.php?rest_route=\/wp\/v2\/posts\/706"}],"collection":[{"href":"http:\/\/mtn-togo.org\/index.php?rest_route=\/wp\/v2\/posts"}],"about":[{"href":"http:\/\/mtn-togo.org\/index.php?rest_route=\/wp\/v2\/types\/post"}],"author":[{"embeddable":true,"href":"http:\/\/mtn-togo.org\/index.php?rest_route=\/wp\/v2\/users\/7"}],"replies":[{"embeddable":true,"href":"http:\/\/mtn-togo.org\/index.php?rest_route=%2Fwp%2Fv2%2Fcomments&post=706"}],"version-history":[{"count":20,"href":"http:\/\/mtn-togo.org\/index.php?rest_route=\/wp\/v2\/posts\/706\/revisions"}],"predecessor-version":[{"id":806,"href":"http:\/\/mtn-togo.org\/index.php?rest_route=\/wp\/v2\/posts\/706\/revisions\/806"}],"wp:attachment":[{"href":"http:\/\/mtn-togo.org\/index.php?rest_route=%2Fwp%2Fv2%2Fmedia&parent=706"}],"wp:term":[{"taxonomy":"category","embeddable":true,"href":"http:\/\/mtn-togo.org\/index.php?rest_route=%2Fwp%2Fv2%2Fcategories&post=706"},{"taxonomy":"post_tag","embeddable":true,"href":"http:\/\/mtn-togo.org\/index.php?rest_route=%2Fwp%2Fv2%2Ftags&post=706"}],"curies":[{"name":"wp","href":"https:\/\/api.w.org\/{rel}","templated":true}]}}