{"id":885,"date":"2011-10-08T10:58:07","date_gmt":"2011-10-08T15:58:07","guid":{"rendered":"http:\/\/mtn-togo.org\/?p=885"},"modified":"2011-10-08T11:07:30","modified_gmt":"2011-10-08T16:07:30","slug":"affaire-des-9-deputes-anc-l%e2%80%99etat-togolais-condamne-par-la-cour-de-justice-de-la-cedeao","status":"publish","type":"post","link":"http:\/\/mtn-togo.org\/?p=885","title":{"rendered":"Affaire des 9 d\u00e9put\u00e9s ANC: L\u2019\u00c9tat togolais condamn\u00e9 par la Cour de Justice de la CEDEAO"},"content":{"rendered":"<p>\u00a0\u00a0\u00a0\u00a0 <img loading=\"lazy\" class=\"alignleft size-medium wp-image-886\" title=\"Jean-Pierre Fabres, PR\u00e9sident de l'ANC en tourn\u00e9e\" src=\"http:\/\/mtn-togo.org\/wp-content\/uploads\/2011\/10\/Jean-Pierre-Fabres-PR\u00e9sident-de-lANC-en-tourn\u00e9e-300x225.jpg\" alt=\"\" width=\"300\" height=\"225\" srcset=\"http:\/\/mtn-togo.org\/wp-content\/uploads\/2011\/10\/Jean-Pierre-Fabres-PR\u00e9sident-de-lANC-en-tourn\u00e9e-300x225.jpg 300w, http:\/\/mtn-togo.org\/wp-content\/uploads\/2011\/10\/Jean-Pierre-Fabres-PR\u00e9sident-de-lANC-en-tourn\u00e9e.jpg 570w\" sizes=\"(max-width: 300px) 100vw, 300px\" \/><br \/>\nLa Cour de Justice de la CEDEAO a condamn\u00e9 ce vendredi 7 octobre 2011, l\u2019\u00c9tat Togolais dans l\u2019affaire qui l\u2019oppose \u00e0 9 (neuf) d\u00e9put\u00e9s de l\u2019Alliance Nationale pour le Changement (ANC), r\u00e9voqu\u00e9s de leur mandat parlementaire, le 22 novembre 2010 par d\u00e9cision de la Cour constitutionnelle du Togo.<!--more--><\/p>\n<p>Les militants et sympathisants de l\u2019Alliance nationale pour le changement (ANC)\u00a0 ont parad\u00e9 \u00a0dans les rues de la capitale, \u00e0 l\u2019annonce du verdict de la Haute Cour d\u2019Abuja (Nig\u00e9ria)\u00a0 et promettent faire une d\u00e9monstration de force\u00a0 ce \u00a0samedi \u00e0 Lom\u00e9 pour saluer cette \u00ab\u00a0belle victoire juridique\u00a0\u00bb.<\/p>\n<p>L&#8217;\u00c9tat togolais vient d&#8217;\u00eatre mis,\u00a0 officiellement et juridiquement,\u00a0\u00a0au banc\u00a0 des accus\u00e9s d&#8217;\u00c9tat voyou et gangster qui viole\u00a0leur propre constitution et o\u00f9 le deni de droit et de justice accoupl\u00e9 au siphonage des ressources de l&#8217;\u00c9tat\u00a0 et aux violations des droits de l&#8217;homme\u00a0 font quotidiennement le lit d&#8217;une gouvernance mafieuse et irresponsable.Les Togolais doivent\u00a0 prendre r\u00e9soluement en main leur destin\u00e9e et se d\u00e9baraser\u00a0 au plus vite de ce r\u00e9gime r\u00e9gime voyou, mafieux, irresponsable\u00a0\u00a0et ill\u00e9gitime.<\/p>\n","protected":false},"excerpt":{"rendered":"<p>\u00a0\u00a0\u00a0\u00a0 La Cour de Justice de la CEDEAO a condamn\u00e9 ce vendredi 7 octobre 2011, l\u2019\u00c9tat Togolais dans l\u2019affaire qui l\u2019oppose \u00e0 9 (neuf) d\u00e9put\u00e9s de l\u2019Alliance Nationale pour le Changement (ANC), r\u00e9voqu\u00e9s de leur mandat parlementaire, le 22 novembre 2010 par d\u00e9cision de la Cour constitutionnelle du Togo.<\/p>\n","protected":false},"author":7,"featured_media":0,"comment_status":"closed","ping_status":"open","sticky":false,"template":"","format":"standard","meta":[],"categories":[1],"tags":[],"_links":{"self":[{"href":"http:\/\/mtn-togo.org\/index.php?rest_route=\/wp\/v2\/posts\/885"}],"collection":[{"href":"http:\/\/mtn-togo.org\/index.php?rest_route=\/wp\/v2\/posts"}],"about":[{"href":"http:\/\/mtn-togo.org\/index.php?rest_route=\/wp\/v2\/types\/post"}],"author":[{"embeddable":true,"href":"http:\/\/mtn-togo.org\/index.php?rest_route=\/wp\/v2\/users\/7"}],"replies":[{"embeddable":true,"href":"http:\/\/mtn-togo.org\/index.php?rest_route=%2Fwp%2Fv2%2Fcomments&post=885"}],"version-history":[{"count":4,"href":"http:\/\/mtn-togo.org\/index.php?rest_route=\/wp\/v2\/posts\/885\/revisions"}],"predecessor-version":[{"id":891,"href":"http:\/\/mtn-togo.org\/index.php?rest_route=\/wp\/v2\/posts\/885\/revisions\/891"}],"wp:attachment":[{"href":"http:\/\/mtn-togo.org\/index.php?rest_route=%2Fwp%2Fv2%2Fmedia&parent=885"}],"wp:term":[{"taxonomy":"category","embeddable":true,"href":"http:\/\/mtn-togo.org\/index.php?rest_route=%2Fwp%2Fv2%2Fcategories&post=885"},{"taxonomy":"post_tag","embeddable":true,"href":"http:\/\/mtn-togo.org\/index.php?rest_route=%2Fwp%2Fv2%2Ftags&post=885"}],"curies":[{"name":"wp","href":"https:\/\/api.w.org\/{rel}","templated":true}]}}