{"id":989,"date":"2011-12-16T14:14:04","date_gmt":"2011-12-16T20:14:04","guid":{"rendered":"http:\/\/mtn-togo.org\/?p=989"},"modified":"2011-12-16T14:17:31","modified_gmt":"2011-12-16T20:17:31","slug":"comunique-du-mtn-relatif-a-la-repression-brutale-des-manifestations-des-etudiants-et-eleves-du-togo","status":"publish","type":"post","link":"http:\/\/mtn-togo.org\/?p=989","title":{"rendered":"Communiqu\u00e9 du MTN relatif \u00e0 la repression brutale des manifestations des \u00e9tudiants et \u00e9l\u00e8ves du Togo"},"content":{"rendered":"<p><strong><span style=\"text-decoration: underline;\"><a href=\"http:\/\/mtn-togo.org\/wp-content\/uploads\/2011\/06\/Le-Logo-du-MTN.jpg\"><img loading=\"lazy\" class=\"alignleft size-full wp-image-636\" title=\"Le Logo du MTN\" src=\"http:\/\/mtn-togo.org\/wp-content\/uploads\/2011\/06\/Le-Logo-du-MTN.jpg\" alt=\"Le Logo du MTN: Mouvement pour un Togo Nouveau\" width=\"214\" height=\"147\" \/><\/a>Communiqu\u00e9 du\u00a0 Mouvement pour un Togo Nouveau (M.T.N)<\/span><\/strong><\/p>\n<p>\u00a0Le Mouvement\u00a0 pour un Togo Nouveau condamne avec rigueur\u00a0 la r\u00e9pression polici\u00e8re brutale qui a eu lieu \u00e0 l\u2019universit\u00e9 de Kara et de Lom\u00e9 \u00a0et sur toute l\u2019\u00e9tendue du territoire contre les manifestations pacifiques des \u00e9tudiants et \u00e9l\u00e8ves qui ne demandent que de meilleures conditions de travail et d\u2019\u00e9tudes.<\/p>\n<p><!--more-->Le MTN\u00a0 a suivi avec consternation l\u2019horrible spectacle de la main d\u2019un \u00e9tudiant d\u00e9chiquet\u00e9e par les tirs des forces dites de l\u2019ordre, d\u00e9p\u00each\u00e9es sur le campus pour r\u00e9primer les \u00e9tudiants qui sont pourtant dans leurs droits les plus l\u00e9gitimes.<\/p>\n<p>Le MTN exige qu\u2019une enqu\u00eate soit diligent\u00e9e pour \u00e9tablir les responsabilit\u00e9s et que les responsables de ce forfait soient punis selon la loi.<\/p>\n<p>LE MTN exige\u00a0 que l\u2019universit\u00e9 de Lom\u00e9 prenne toutes les dispositions m\u00e9dicales n\u00e9cessaires\u00a0 pour que l\u2019\u00e9tudiant gri\u00e8vement bless\u00e9 soit proprement\u00a0 soign\u00e9 en vue de retrouver\u00a0 l\u2019usage entier de sa main.<\/p>\n<p>Le MTN r\u00e9clame la d\u00e9mission du pr\u00e9sident de l\u2019universit\u00e9 de Lom\u00e9 pour sa gestion\u00a0 chaotique de cette noble institution.<\/p>\n<p>Le MTN d\u00e9nonce l\u2019incapacit\u00e9 et l\u2019incomp\u00e9tence\u00a0 de Faure Gnassingb\u00e9 et de son premier ministre godemichet \u00a0Fossoun\u00a0 Houngbo \u00e0\u00a0 cr\u00e9er les conditions idoines d\u2019une \u00e9ducation scolaire\u00a0 et\u00a0 universitaire \u00a0\u00a0de recherche \u00a0et\u00a0 d\u2019excellence au service du d\u00e9veloppement et du progr\u00e8s\u00a0 social, \u00e9conomique au Togo.<\/p>\n<p>Le MTN invite les forces de police et de gendarmerie \u00e0 rester mesur\u00e9es\u00a0 et surtout \u00e9viter\u00a0 l\u2019usage de la force excessive et disproportionn\u00e9e contre les \u00e9tudiants \u00a0et \u00a0\u00e9l\u00e8ves qui constituent incontestablement la rel\u00e8ve qualifi\u00e9e de ce pays.<\/p>\n<p>LE MTN demande aux \u00e9tudiants \u00a0et\u00a0 \u00e9l\u00e8ves \u00a0togolais \u00a0sur toute l\u2019\u00e9tendu du territoire,\u00a0 de rester mobilis\u00e9s\u00a0 et unis et de ne pas c\u00e9der \u00e0 la violence et\u00a0 aux intimidations des autorit\u00e9s polici\u00e8res, universitaires, scolaires et politiques irresponsables et incomp\u00e9tentes.<\/p>\n<p>LE MTN invite la diaspora et surtout tous les anciens \u00e9l\u00e8ves et \u00e9tudiants\u00a0 \u00e0 appuyer les revendications l\u00e9gitimes de nos petits fr\u00e8res et s\u0153urs sacrifi\u00e9s sur l\u2019h\u00f4tel\u00a0 de la mauvaise gouvernance et de l\u2019incurie politique.<\/p>\n<p>La nuit est longue mais le jour vient o\u00f9 le Togo, balai \u00e0 la \u00a0main, \u00a0se d\u00e9barrassera de la m\u00e9diocrit\u00e9, de\u00a0 l\u2019inculture et de la violence \u00e9rig\u00e9es en syst\u00e8me\u00a0 r\u00e9pressif de gouvernement ill\u00e9gitime.<\/p>\n<p>Ensemble pour un Togo, libre d\u00e9mocratique et prosp\u00e8re.<\/p>\n<p>Unis pour la m\u00eame cause, la lutte continue<\/p>\n<p>Site internet: <a href=\"http:\/\/www.mtn-togo.org\/\">www.mtn-togo.org<\/a>\u00a0\u00a0 email\u00a0: <a href=\"mailto:mtntogo@gmail.com\">mtntogo@gmail.com<\/a><\/p>\n<p>Pour le MTN, le pr\u00e9sident<\/p>\n<p>Che Alphonse Lawson-Hellu<\/p>\n","protected":false},"excerpt":{"rendered":"<p>Communiqu\u00e9 du\u00a0 Mouvement pour un Togo Nouveau (M.T.N) \u00a0Le Mouvement\u00a0 pour un Togo Nouveau condamne avec rigueur\u00a0 la r\u00e9pression polici\u00e8re brutale qui a eu lieu \u00e0 l\u2019universit\u00e9 de Kara et de Lom\u00e9 \u00a0et sur toute l\u2019\u00e9tendue du territoire contre les manifestations pacifiques des \u00e9tudiants et \u00e9l\u00e8ves qui ne demandent que de meilleures conditions de travail [&hellip;]<\/p>\n","protected":false},"author":7,"featured_media":0,"comment_status":"closed","ping_status":"open","sticky":false,"template":"","format":"standard","meta":[],"categories":[1],"tags":[],"_links":{"self":[{"href":"http:\/\/mtn-togo.org\/index.php?rest_route=\/wp\/v2\/posts\/989"}],"collection":[{"href":"http:\/\/mtn-togo.org\/index.php?rest_route=\/wp\/v2\/posts"}],"about":[{"href":"http:\/\/mtn-togo.org\/index.php?rest_route=\/wp\/v2\/types\/post"}],"author":[{"embeddable":true,"href":"http:\/\/mtn-togo.org\/index.php?rest_route=\/wp\/v2\/users\/7"}],"replies":[{"embeddable":true,"href":"http:\/\/mtn-togo.org\/index.php?rest_route=%2Fwp%2Fv2%2Fcomments&post=989"}],"version-history":[{"count":4,"href":"http:\/\/mtn-togo.org\/index.php?rest_route=\/wp\/v2\/posts\/989\/revisions"}],"predecessor-version":[{"id":991,"href":"http:\/\/mtn-togo.org\/index.php?rest_route=\/wp\/v2\/posts\/989\/revisions\/991"}],"wp:attachment":[{"href":"http:\/\/mtn-togo.org\/index.php?rest_route=%2Fwp%2Fv2%2Fmedia&parent=989"}],"wp:term":[{"taxonomy":"category","embeddable":true,"href":"http:\/\/mtn-togo.org\/index.php?rest_route=%2Fwp%2Fv2%2Fcategories&post=989"},{"taxonomy":"post_tag","embeddable":true,"href":"http:\/\/mtn-togo.org\/index.php?rest_route=%2Fwp%2Fv2%2Ftags&post=989"}],"curies":[{"name":"wp","href":"https:\/\/api.w.org\/{rel}","templated":true}]}}